{"id":1392,"date":"2022-08-09T13:09:10","date_gmt":"2022-08-09T16:09:10","guid":{"rendered":"https:\/\/aehg-laplata.org.ar\/nueva\/?p=1392"},"modified":"2022-08-09T13:09:10","modified_gmt":"2022-08-09T16:09:10","slug":"aehg-la-plata-presente-en-la-fiesta-de-la-galleta-de-campo-en-tomas-jofre","status":"publish","type":"post","link":"https:\/\/aehg-laplata.org.ar\/nueva\/aehg-la-plata-presente-en-la-fiesta-de-la-galleta-de-campo-en-tomas-jofre\/","title":{"rendered":"AEHG La Plata presente en la Fiesta de la Galleta de Campo en Tom\u00e1s Jofr\u00e9"},"content":{"rendered":"<p>[vc_row][vc_column][vc_column_text]<\/p>\n<h3 class=\"entry-title\">AEHG La Plata presente en la Fiesta de la Galleta de Campo en Tom\u00e1s Jofr\u00e9<\/h3>\n<p>[\/vc_column_text][\/vc_column][\/vc_row][vc_row][vc_column][vc_single_image image=&#8221;1393&#8243; img_size=&#8221;full&#8221;][\/vc_column][\/vc_row][vc_row][vc_column css=&#8221;.vc_custom_1457772902902{margin-top: -10px !important;}&#8221;][vc_column_text]AEHG La Plata asisti\u00f3 a la 5\u00b0 edici\u00f3n de la Fiesta de la Galleta de Campo, el 6 y 7 de agosto, con la participaci\u00f3n de Vicente Morguillo, Juan Ignacio Contin y Daniel Beninati, en representaci\u00f3n de la Asociaci\u00f3n.<\/p>\n<p>La misma se realiz\u00f3 en Tom\u00e1s Jofr\u00e9, partido de Mercedes, y cont\u00f3 con la presencia del intendente local, Juan Ignacio Ustarroz, y el director de Turismo, Mart\u00edn Boragno.<\/p>\n<p>En este marco, el jefe comunal entreg\u00f3 al secretario de AEHG La Plata, Vicente Morguillo, un diploma en reconocimiento por su participaci\u00f3n y el acompa\u00f1amiento de la filial en todas las actividades que lleva adelante el municipio en pos del desarrollo y crecimiento del sector en la cuidad y en toda la regi\u00f3n.<\/p>\n<p>La fiesta tuvo dos escenarios musicales y ferias de artesan\u00edas con m\u00e1s de 80 puestos, entre restaurantes y postas gastron\u00f3micas donde la galleta de campo fue la protagonista.<\/p>\n<p>Adem\u00e1s, los visitantes pudieron disfrutar del Paseo del Arte, Mercado Sustentable, cantinas solidarias, espacios de juego infantiles, cerveza artesanal, salame quintero y mucho m\u00e1s.<\/p>\n<p>La grilla musical, por su parte, tuvo las actuaciones de Daniela Bertaina, Escuela Alma Fuerte, Grupo Los Amigos, Semilla Agreste, Escuela A\u00f1oranza de mi tierra, Oscar Rosello, Escuela Huellas de Tradici\u00f3n, Natalia Zabala, Escuela Peumayen y Martin Soler.<\/p>\n<p>Tambi\u00e9n estuvieron Los del Pedregal, Escuela Nuestra Se\u00f1ora de las Mercedes, Escuela Arami, Suyai, Escuela Integraci\u00f3n, Escuela Santa Cecilia, La Turca Trio, Escuela Ra\u00edces Mercedinas, Ivana Cestari, Escuela Estrella del sur y Los L\u00f3pez Heredia.[\/vc_column_text][\/vc_column][\/vc_row]<\/p>\n","protected":false},"excerpt":{"rendered":"<p>[vc_row][vc_column][vc_column_text] AEHG La Plata presente en la Fiesta de la Galleta de Campo en Tom\u00e1s Jofr\u00e9 [\/vc_column_text][\/vc_column][\/vc_row][vc_row][vc_column][vc_single_image image=&#8221;1393&#8243; img_size=&#8221;full&#8221;][\/vc_column][\/vc_row][vc_row][vc_column css=&#8221;.vc_custom_1457772902902{margin-top:&#8230;<\/p>\n","protected":false},"author":1,"featured_media":1393,"comment_status":"closed","ping_status":"closed","sticky":false,"template":"","format":"standard","meta":[],"categories":[4],"tags":[],"yoast_head":"<!-- This site is optimized with the Yoast SEO plugin v17.2.1 - https:\/\/yoast.com\/wordpress\/plugins\/seo\/ -->\n<title>AEHG La Plata presente en la Fiesta de la Galleta de Campo en Tom\u00e1s Jofr\u00e9 - AEHG La Plata<\/title>\n<meta name=\"robots\" content=\"index, follow, max-snippet:-1, max-image-preview:large, max-video-preview:-1\" \/>\n<link rel=\"canonical\" href=\"https:\/\/aehg-laplata.org.ar\/nueva\/aehg-la-plata-presente-en-la-fiesta-de-la-galleta-de-campo-en-tomas-jofre\/\" \/>\n<meta property=\"og:locale\" content=\"es_ES\" \/>\n<meta property=\"og:type\" content=\"article\" \/>\n<meta property=\"og:title\" content=\"AEHG La Plata presente en la Fiesta de la Galleta de Campo en Tom\u00e1s Jofr\u00e9 - AEHG La Plata\" \/>\n<meta property=\"og:description\" content=\"[vc_row][vc_column][vc_column_text] AEHG La Plata presente en la Fiesta de la Galleta de Campo en Tom\u00e1s Jofr\u00e9 [\/vc_column_text][\/vc_column][\/vc_row][vc_row][vc_column][vc_single_image image=&#8221;1393&#8243; img_size=&#8221;full&#8221;][\/vc_column][\/vc_row][vc_row][vc_column css=&#8221;.vc_custom_1457772902902{margin-top:...\" \/>\n<meta property=\"og:url\" content=\"https:\/\/aehg-laplata.org.ar\/nueva\/aehg-la-plata-presente-en-la-fiesta-de-la-galleta-de-campo-en-tomas-jofre\/\" \/>\n<meta property=\"og:site_name\" content=\"AEHG La Plata\" \/>\n<meta property=\"article:publisher\" content=\"https:\/\/www.facebook.com\/AehgLaPlataOK\/\" \/>\n<meta property=\"article:published_time\" content=\"2022-08-09T16:09:10+00:00\" \/>\n<meta property=\"og:image\" content=\"http:\/\/aehg-laplata.org.ar\/nueva\/wp-content\/uploads\/AEHG-La-Plata-presente-en-la-Fiesta-de-la-Galleta-de-Campo-en-Tomas-Jofre.jpeg\" \/>\n\t<meta property=\"og:image:width\" content=\"733\" \/>\n\t<meta property=\"og:image:height\" content=\"494\" \/>\n<meta name=\"twitter:card\" content=\"summary_large_image\" \/>\n<meta name=\"twitter:label1\" content=\"Escrito por\" \/>\n\t<meta name=\"twitter:data1\" content=\"ftosti\" \/>\n\t<meta name=\"twitter:label2\" content=\"Tiempo de lectura\" \/>\n\t<meta name=\"twitter:data2\" content=\"2 minutos\" \/>\n<script type=\"application\/ld+json\" class=\"yoast-schema-graph\">{\"@context\":\"https:\/\/schema.org\",\"@graph\":[{\"@type\":\"WebSite\",\"@id\":\"https:\/\/aehg-laplata.org.ar\/nueva\/#website\",\"url\":\"https:\/\/aehg-laplata.org.ar\/nueva\/\",\"name\":\"AEHG La Plata\",\"description\":\"\",\"potentialAction\":[{\"@type\":\"SearchAction\",\"target\":{\"@type\":\"EntryPoint\",\"urlTemplate\":\"https:\/\/aehg-laplata.org.ar\/nueva\/?s={search_term_string}\"},\"query-input\":\"required name=search_term_string\"}],\"inLanguage\":\"es-AR\"},{\"@type\":\"ImageObject\",\"@id\":\"https:\/\/aehg-laplata.org.ar\/nueva\/aehg-la-plata-presente-en-la-fiesta-de-la-galleta-de-campo-en-tomas-jofre\/#primaryimage\",\"inLanguage\":\"es-AR\",\"url\":\"https:\/\/aehg-laplata.org.ar\/nueva\/wp-content\/uploads\/AEHG-La-Plata-presente-en-la-Fiesta-de-la-Galleta-de-Campo-en-Tomas-Jofre.jpeg\",\"contentUrl\":\"https:\/\/aehg-laplata.org.ar\/nueva\/wp-content\/uploads\/AEHG-La-Plata-presente-en-la-Fiesta-de-la-Galleta-de-Campo-en-Tomas-Jofre.jpeg\",\"width\":733,\"height\":494},{\"@type\":\"WebPage\",\"@id\":\"https:\/\/aehg-laplata.org.ar\/nueva\/aehg-la-plata-presente-en-la-fiesta-de-la-galleta-de-campo-en-tomas-jofre\/#webpage\",\"url\":\"https:\/\/aehg-laplata.org.ar\/nueva\/aehg-la-plata-presente-en-la-fiesta-de-la-galleta-de-campo-en-tomas-jofre\/\",\"name\":\"AEHG La Plata presente en la Fiesta de la Galleta de Campo en Tom\\u00e1s Jofr\\u00e9 - AEHG La Plata\",\"isPartOf\":{\"@id\":\"https:\/\/aehg-laplata.org.ar\/nueva\/#website\"},\"primaryImageOfPage\":{\"@id\":\"https:\/\/aehg-laplata.org.ar\/nueva\/aehg-la-plata-presente-en-la-fiesta-de-la-galleta-de-campo-en-tomas-jofre\/#primaryimage\"},\"datePublished\":\"2022-08-09T16:09:10+00:00\",\"dateModified\":\"2022-08-09T16:09:10+00:00\",\"author\":{\"@id\":\"https:\/\/aehg-laplata.org.ar\/nueva\/#\/schema\/person\/7f7b2f53bda3353446a1e6bfb4837e14\"},\"breadcrumb\":{\"@id\":\"https:\/\/aehg-laplata.org.ar\/nueva\/aehg-la-plata-presente-en-la-fiesta-de-la-galleta-de-campo-en-tomas-jofre\/#breadcrumb\"},\"inLanguage\":\"es-AR\",\"potentialAction\":[{\"@type\":\"ReadAction\",\"target\":[\"https:\/\/aehg-laplata.org.ar\/nueva\/aehg-la-plata-presente-en-la-fiesta-de-la-galleta-de-campo-en-tomas-jofre\/\"]}]},{\"@type\":\"BreadcrumbList\",\"@id\":\"https:\/\/aehg-laplata.org.ar\/nueva\/aehg-la-plata-presente-en-la-fiesta-de-la-galleta-de-campo-en-tomas-jofre\/#breadcrumb\",\"itemListElement\":[{\"@type\":\"ListItem\",\"position\":1,\"name\":\"Inicio\",\"item\":\"https:\/\/aehg-laplata.org.ar\/nueva\/\"},{\"@type\":\"ListItem\",\"position\":2,\"name\":\"AEHG La Plata presente en la Fiesta de la Galleta de Campo en Tom\\u00e1s Jofr\\u00e9\"}]},{\"@type\":\"Person\",\"@id\":\"https:\/\/aehg-laplata.org.ar\/nueva\/#\/schema\/person\/7f7b2f53bda3353446a1e6bfb4837e14\",\"name\":\"ftosti\",\"image\":{\"@type\":\"ImageObject\",\"@id\":\"https:\/\/aehg-laplata.org.ar\/nueva\/#personlogo\",\"inLanguage\":\"es-AR\",\"url\":\"https:\/\/secure.gravatar.com\/avatar\/602f4beec51ba7ffdca86e4faf5d039c?s=96&d=mm&r=g\",\"contentUrl\":\"https:\/\/secure.gravatar.com\/avatar\/602f4beec51ba7ffdca86e4faf5d039c?s=96&d=mm&r=g\",\"caption\":\"ftosti\"},\"url\":\"https:\/\/aehg-laplata.org.ar\/nueva\/author\/ftosti\/\"}]}<\/script>\n<!-- \/ Yoast SEO plugin. -->","yoast_head_json":{"title":"AEHG La Plata presente en la Fiesta de la Galleta de Campo en Tom\u00e1s Jofr\u00e9 - AEHG La Plata","robots":{"index":"index","follow":"follow","max-snippet":"max-snippet:-1","max-image-preview":"max-image-preview:large","max-video-preview":"max-video-preview:-1"},"canonical":"https:\/\/aehg-laplata.org.ar\/nueva\/aehg-la-plata-presente-en-la-fiesta-de-la-galleta-de-campo-en-tomas-jofre\/","og_locale":"es_ES","og_type":"article","og_title":"AEHG La Plata presente en la Fiesta de la Galleta de Campo en Tom\u00e1s Jofr\u00e9 - AEHG La Plata","og_description":"[vc_row][vc_column][vc_column_text] AEHG La Plata presente en la Fiesta de la Galleta de Campo en Tom\u00e1s Jofr\u00e9 [\/vc_column_text][\/vc_column][\/vc_row][vc_row][vc_column][vc_single_image image=&#8221;1393&#8243; img_size=&#8221;full&#8221;][\/vc_column][\/vc_row][vc_row][vc_column css=&#8221;.vc_custom_1457772902902{margin-top:...","og_url":"https:\/\/aehg-laplata.org.ar\/nueva\/aehg-la-plata-presente-en-la-fiesta-de-la-galleta-de-campo-en-tomas-jofre\/","og_site_name":"AEHG La Plata","article_publisher":"https:\/\/www.facebook.com\/AehgLaPlataOK\/","article_published_time":"2022-08-09T16:09:10+00:00","og_image":[{"width":733,"height":494,"url":"http:\/\/aehg-laplata.org.ar\/nueva\/wp-content\/uploads\/AEHG-La-Plata-presente-en-la-Fiesta-de-la-Galleta-de-Campo-en-Tomas-Jofre.jpeg","path":"\/home\/c1070183\/public_html\/nueva\/wp-content\/uploads\/AEHG-La-Plata-presente-en-la-Fiesta-de-la-Galleta-de-Campo-en-Tomas-Jofre.jpeg","size":"full","id":1393,"alt":"","pixels":362102,"type":"image\/jpeg"}],"twitter_card":"summary_large_image","twitter_misc":{"Escrito por":"ftosti","Tiempo de lectura":"2 minutos"},"schema":{"@context":"https:\/\/schema.org","@graph":[{"@type":"WebSite","@id":"https:\/\/aehg-laplata.org.ar\/nueva\/#website","url":"https:\/\/aehg-laplata.org.ar\/nueva\/","name":"AEHG La Plata","description":"","potentialAction":[{"@type":"SearchAction","target":{"@type":"EntryPoint","urlTemplate":"https:\/\/aehg-laplata.org.ar\/nueva\/?s={search_term_string}"},"query-input":"required name=search_term_string"}],"inLanguage":"es-AR"},{"@type":"ImageObject","@id":"https:\/\/aehg-laplata.org.ar\/nueva\/aehg-la-plata-presente-en-la-fiesta-de-la-galleta-de-campo-en-tomas-jofre\/#primaryimage","inLanguage":"es-AR","url":"https:\/\/aehg-laplata.org.ar\/nueva\/wp-content\/uploads\/AEHG-La-Plata-presente-en-la-Fiesta-de-la-Galleta-de-Campo-en-Tomas-Jofre.jpeg","contentUrl":"https:\/\/aehg-laplata.org.ar\/nueva\/wp-content\/uploads\/AEHG-La-Plata-presente-en-la-Fiesta-de-la-Galleta-de-Campo-en-Tomas-Jofre.jpeg","width":733,"height":494},{"@type":"WebPage","@id":"https:\/\/aehg-laplata.org.ar\/nueva\/aehg-la-plata-presente-en-la-fiesta-de-la-galleta-de-campo-en-tomas-jofre\/#webpage","url":"https:\/\/aehg-laplata.org.ar\/nueva\/aehg-la-plata-presente-en-la-fiesta-de-la-galleta-de-campo-en-tomas-jofre\/","name":"AEHG La Plata presente en la Fiesta de la Galleta de Campo en Tom\u00e1s Jofr\u00e9 - AEHG La Plata","isPartOf":{"@id":"https:\/\/aehg-laplata.org.ar\/nueva\/#website"},"primaryImageOfPage":{"@id":"https:\/\/aehg-laplata.org.ar\/nueva\/aehg-la-plata-presente-en-la-fiesta-de-la-galleta-de-campo-en-tomas-jofre\/#primaryimage"},"datePublished":"2022-08-09T16:09:10+00:00","dateModified":"2022-08-09T16:09:10+00:00","author":{"@id":"https:\/\/aehg-laplata.org.ar\/nueva\/#\/schema\/person\/7f7b2f53bda3353446a1e6bfb4837e14"},"breadcrumb":{"@id":"https:\/\/aehg-laplata.org.ar\/nueva\/aehg-la-plata-presente-en-la-fiesta-de-la-galleta-de-campo-en-tomas-jofre\/#breadcrumb"},"inLanguage":"es-AR","potentialAction":[{"@type":"ReadAction","target":["https:\/\/aehg-laplata.org.ar\/nueva\/aehg-la-plata-presente-en-la-fiesta-de-la-galleta-de-campo-en-tomas-jofre\/"]}]},{"@type":"BreadcrumbList","@id":"https:\/\/aehg-laplata.org.ar\/nueva\/aehg-la-plata-presente-en-la-fiesta-de-la-galleta-de-campo-en-tomas-jofre\/#breadcrumb","itemListElement":[{"@type":"ListItem","position":1,"name":"Inicio","item":"https:\/\/aehg-laplata.org.ar\/nueva\/"},{"@type":"ListItem","position":2,"name":"AEHG La Plata presente en la Fiesta de la Galleta de Campo en Tom\u00e1s Jofr\u00e9"}]},{"@type":"Person","@id":"https:\/\/aehg-laplata.org.ar\/nueva\/#\/schema\/person\/7f7b2f53bda3353446a1e6bfb4837e14","name":"ftosti","image":{"@type":"ImageObject","@id":"https:\/\/aehg-laplata.org.ar\/nueva\/#personlogo","inLanguage":"es-AR","url":"https:\/\/secure.gravatar.com\/avatar\/602f4beec51ba7ffdca86e4faf5d039c?s=96&d=mm&r=g","contentUrl":"https:\/\/secure.gravatar.com\/avatar\/602f4beec51ba7ffdca86e4faf5d039c?s=96&d=mm&r=g","caption":"ftosti"},"url":"https:\/\/aehg-laplata.org.ar\/nueva\/author\/ftosti\/"}]}},"_links":{"self":[{"href":"https:\/\/aehg-laplata.org.ar\/nueva\/wp-json\/wp\/v2\/posts\/1392"}],"collection":[{"href":"https:\/\/aehg-laplata.org.ar\/nueva\/wp-json\/wp\/v2\/posts"}],"about":[{"href":"https:\/\/aehg-laplata.org.ar\/nueva\/wp-json\/wp\/v2\/types\/post"}],"author":[{"embeddable":true,"href":"https:\/\/aehg-laplata.org.ar\/nueva\/wp-json\/wp\/v2\/users\/1"}],"replies":[{"embeddable":true,"href":"https:\/\/aehg-laplata.org.ar\/nueva\/wp-json\/wp\/v2\/comments?post=1392"}],"version-history":[{"count":1,"href":"https:\/\/aehg-laplata.org.ar\/nueva\/wp-json\/wp\/v2\/posts\/1392\/revisions"}],"predecessor-version":[{"id":1394,"href":"https:\/\/aehg-laplata.org.ar\/nueva\/wp-json\/wp\/v2\/posts\/1392\/revisions\/1394"}],"wp:featuredmedia":[{"embeddable":true,"href":"https:\/\/aehg-laplata.org.ar\/nueva\/wp-json\/wp\/v2\/media\/1393"}],"wp:attachment":[{"href":"https:\/\/aehg-laplata.org.ar\/nueva\/wp-json\/wp\/v2\/media?parent=1392"}],"wp:term":[{"taxonomy":"category","embeddable":true,"href":"https:\/\/aehg-laplata.org.ar\/nueva\/wp-json\/wp\/v2\/categories?post=1392"},{"taxonomy":"post_tag","embeddable":true,"href":"https:\/\/aehg-laplata.org.ar\/nueva\/wp-json\/wp\/v2\/tags?post=1392"}],"curies":[{"name":"wp","href":"https:\/\/api.w.org\/{rel}","templated":true}]}}