{"id":1350,"date":"2022-07-12T09:50:05","date_gmt":"2022-07-12T12:50:05","guid":{"rendered":"https:\/\/aehg-laplata.org.ar\/nueva\/?p=1350"},"modified":"2022-07-12T09:50:05","modified_gmt":"2022-07-12T12:50:05","slug":"aehg-la-plata-presente-en-la-fiesta-provincial-del-vino-de-la-costa-en-berisso","status":"publish","type":"post","link":"https:\/\/aehg-laplata.org.ar\/nueva\/aehg-la-plata-presente-en-la-fiesta-provincial-del-vino-de-la-costa-en-berisso\/","title":{"rendered":"AEHG La Plata presente en la Fiesta Provincial del Vino de la Costa en Berisso"},"content":{"rendered":"<p>[vc_row][vc_column][vc_column_text]<\/p>\n<h3 class=\"entry-title\">AEHG La Plata presente en la Fiesta Provincial del Vino de la Costa en Berisso<\/h3>\n<p>[\/vc_column_text][\/vc_column][\/vc_row][vc_row][vc_column][vc_single_image image=&#8221;1351&#8243; img_size=&#8221;full&#8221; alignment=&#8221;center&#8221;][\/vc_column][\/vc_row][vc_row][vc_column css=&#8221;.vc_custom_1457772902902{margin-top: -10px !important;}&#8221;][vc_column_text]AEHG La Plata particip\u00f3 de la 19\u00ba edici\u00f3n de la Fiesta Provincial del Vino de la Costa en Berisso, con la presencia de miles de personas.<\/p>\n<p>Durante la inauguraci\u00f3n del evento estuvo presente el secretario de la entidad, Vicente Morgillo, mientras que los alumnos del Instituto \u00c1ngel Salvadori participaron con la elaboraci\u00f3n del servicio de catering para las autoridades. Estuvieron acompa\u00f1ados y coordinados por el chef Luis Liera; la directora del Instituto, Martina Bressa; y la preceptora Sandra Gianelli.<\/p>\n<p>La iniciativa fue organizada por la Municipalidad de Berisso en conjunto con la Cooperativa de la Costa de Berisso y la Universidad Nacional de La Plata, a trav\u00e9s de las Facultades de Ciencias Agrarias y Forestales, de Exactas y de Trabajo Social.<\/p>\n<p>Luego de dos a\u00f1os, la Fiesta volvi\u00f3 a ser presencial y super\u00f3 las expectativas de los organizadores. Con una importante concurrencia de p\u00fablico, los d\u00edas 8, 9 y 10 de julio en el Gimnasio Municipal, la muestra productiva ofreci\u00f3 una variedad de productos regionales, vinos artesanales, dulces, mermeladas, conservas, patio gastron\u00f3mico y espect\u00e1culos art\u00edsticos.<\/p>\n<p>Los visitantes pudieron disfrutar de recorridas por vi\u00f1edos y visitas a la Cooperativa de la Costa, con una degustaci\u00f3n de vinos.<\/p>\n<p>Adem\u00e1s, se realiz\u00f3 el 17\u00b0 Concurso de Vinos Caseros, el 7\u00b0 Concurso de Dulces Artesanales y la entrega de premios del Concurso de Fotograf\u00eda<\/p>\n<p>A lo largo de las tres jornadas, el p\u00fablico pudo disfrutar de diferentes artistas y de propuestas culturales que incluyeron m\u00fasica, danzas y teatro. En ese sentido, la jornada del viernes tuvo como cierre la actuaci\u00f3n del artista uruguayo Alejandro Balbis, mientras que el s\u00e1bado se present\u00f3 Arbolito.[\/vc_column_text][\/vc_column][\/vc_row][vc_row][vc_column][vc_gallery type=&#8221;flexslider_slide&#8221; interval=&#8221;3&#8243; images=&#8221;1351,1352,1353,1354,1355,1356,1357,1358,1359&#8243; img_size=&#8221;full&#8221;][\/vc_column][\/vc_row]<\/p>\n","protected":false},"excerpt":{"rendered":"<p>[vc_row][vc_column][vc_column_text] AEHG La Plata presente en la Fiesta Provincial del Vino de la Costa en Berisso [\/vc_column_text][\/vc_column][\/vc_row][vc_row][vc_column][vc_single_image image=&#8221;1351&#8243; img_size=&#8221;full&#8221; alignment=&#8221;center&#8221;][\/vc_column][\/vc_row][vc_row][vc_column&#8230;<\/p>\n","protected":false},"author":1,"featured_media":1351,"comment_status":"closed","ping_status":"closed","sticky":false,"template":"","format":"standard","meta":[],"categories":[4],"tags":[],"yoast_head":"<!-- This site is optimized with the Yoast SEO plugin v17.2.1 - https:\/\/yoast.com\/wordpress\/plugins\/seo\/ -->\n<title>AEHG La Plata presente en la Fiesta Provincial del Vino de la Costa en Berisso - AEHG La Plata<\/title>\n<meta name=\"robots\" content=\"index, follow, max-snippet:-1, max-image-preview:large, max-video-preview:-1\" \/>\n<link rel=\"canonical\" href=\"https:\/\/aehg-laplata.org.ar\/nueva\/aehg-la-plata-presente-en-la-fiesta-provincial-del-vino-de-la-costa-en-berisso\/\" \/>\n<meta property=\"og:locale\" content=\"es_ES\" \/>\n<meta property=\"og:type\" content=\"article\" \/>\n<meta property=\"og:title\" content=\"AEHG La Plata presente en la Fiesta Provincial del Vino de la Costa en Berisso - AEHG La Plata\" \/>\n<meta property=\"og:description\" content=\"[vc_row][vc_column][vc_column_text] AEHG La Plata presente en la Fiesta Provincial del Vino de la Costa en Berisso [\/vc_column_text][\/vc_column][\/vc_row][vc_row][vc_column][vc_single_image image=&#8221;1351&#8243; img_size=&#8221;full&#8221; alignment=&#8221;center&#8221;][\/vc_column][\/vc_row][vc_row][vc_column...\" \/>\n<meta property=\"og:url\" content=\"https:\/\/aehg-laplata.org.ar\/nueva\/aehg-la-plata-presente-en-la-fiesta-provincial-del-vino-de-la-costa-en-berisso\/\" \/>\n<meta property=\"og:site_name\" content=\"AEHG La Plata\" \/>\n<meta property=\"article:publisher\" content=\"https:\/\/www.facebook.com\/AehgLaPlataOK\/\" \/>\n<meta property=\"article:published_time\" content=\"2022-07-12T12:50:05+00:00\" \/>\n<meta property=\"og:image\" content=\"http:\/\/aehg-laplata.org.ar\/nueva\/wp-content\/uploads\/1-4.jpeg\" \/>\n\t<meta property=\"og:image:width\" content=\"1024\" \/>\n\t<meta property=\"og:image:height\" content=\"768\" \/>\n<meta name=\"twitter:card\" content=\"summary_large_image\" \/>\n<meta name=\"twitter:label1\" content=\"Escrito por\" \/>\n\t<meta name=\"twitter:data1\" content=\"ftosti\" \/>\n\t<meta name=\"twitter:label2\" content=\"Tiempo de lectura\" \/>\n\t<meta name=\"twitter:data2\" content=\"2 minutos\" \/>\n<script type=\"application\/ld+json\" class=\"yoast-schema-graph\">{\"@context\":\"https:\/\/schema.org\",\"@graph\":[{\"@type\":\"WebSite\",\"@id\":\"https:\/\/aehg-laplata.org.ar\/nueva\/#website\",\"url\":\"https:\/\/aehg-laplata.org.ar\/nueva\/\",\"name\":\"AEHG La Plata\",\"description\":\"\",\"potentialAction\":[{\"@type\":\"SearchAction\",\"target\":{\"@type\":\"EntryPoint\",\"urlTemplate\":\"https:\/\/aehg-laplata.org.ar\/nueva\/?s={search_term_string}\"},\"query-input\":\"required name=search_term_string\"}],\"inLanguage\":\"es-AR\"},{\"@type\":\"ImageObject\",\"@id\":\"https:\/\/aehg-laplata.org.ar\/nueva\/aehg-la-plata-presente-en-la-fiesta-provincial-del-vino-de-la-costa-en-berisso\/#primaryimage\",\"inLanguage\":\"es-AR\",\"url\":\"https:\/\/aehg-laplata.org.ar\/nueva\/wp-content\/uploads\/1-4.jpeg\",\"contentUrl\":\"https:\/\/aehg-laplata.org.ar\/nueva\/wp-content\/uploads\/1-4.jpeg\",\"width\":1024,\"height\":768},{\"@type\":\"WebPage\",\"@id\":\"https:\/\/aehg-laplata.org.ar\/nueva\/aehg-la-plata-presente-en-la-fiesta-provincial-del-vino-de-la-costa-en-berisso\/#webpage\",\"url\":\"https:\/\/aehg-laplata.org.ar\/nueva\/aehg-la-plata-presente-en-la-fiesta-provincial-del-vino-de-la-costa-en-berisso\/\",\"name\":\"AEHG La Plata presente en la Fiesta Provincial del Vino de la Costa en Berisso - AEHG La Plata\",\"isPartOf\":{\"@id\":\"https:\/\/aehg-laplata.org.ar\/nueva\/#website\"},\"primaryImageOfPage\":{\"@id\":\"https:\/\/aehg-laplata.org.ar\/nueva\/aehg-la-plata-presente-en-la-fiesta-provincial-del-vino-de-la-costa-en-berisso\/#primaryimage\"},\"datePublished\":\"2022-07-12T12:50:05+00:00\",\"dateModified\":\"2022-07-12T12:50:05+00:00\",\"author\":{\"@id\":\"https:\/\/aehg-laplata.org.ar\/nueva\/#\/schema\/person\/7f7b2f53bda3353446a1e6bfb4837e14\"},\"breadcrumb\":{\"@id\":\"https:\/\/aehg-laplata.org.ar\/nueva\/aehg-la-plata-presente-en-la-fiesta-provincial-del-vino-de-la-costa-en-berisso\/#breadcrumb\"},\"inLanguage\":\"es-AR\",\"potentialAction\":[{\"@type\":\"ReadAction\",\"target\":[\"https:\/\/aehg-laplata.org.ar\/nueva\/aehg-la-plata-presente-en-la-fiesta-provincial-del-vino-de-la-costa-en-berisso\/\"]}]},{\"@type\":\"BreadcrumbList\",\"@id\":\"https:\/\/aehg-laplata.org.ar\/nueva\/aehg-la-plata-presente-en-la-fiesta-provincial-del-vino-de-la-costa-en-berisso\/#breadcrumb\",\"itemListElement\":[{\"@type\":\"ListItem\",\"position\":1,\"name\":\"Inicio\",\"item\":\"https:\/\/aehg-laplata.org.ar\/nueva\/\"},{\"@type\":\"ListItem\",\"position\":2,\"name\":\"AEHG La Plata presente en la Fiesta Provincial del Vino de la Costa en Berisso\"}]},{\"@type\":\"Person\",\"@id\":\"https:\/\/aehg-laplata.org.ar\/nueva\/#\/schema\/person\/7f7b2f53bda3353446a1e6bfb4837e14\",\"name\":\"ftosti\",\"image\":{\"@type\":\"ImageObject\",\"@id\":\"https:\/\/aehg-laplata.org.ar\/nueva\/#personlogo\",\"inLanguage\":\"es-AR\",\"url\":\"https:\/\/secure.gravatar.com\/avatar\/602f4beec51ba7ffdca86e4faf5d039c?s=96&d=mm&r=g\",\"contentUrl\":\"https:\/\/secure.gravatar.com\/avatar\/602f4beec51ba7ffdca86e4faf5d039c?s=96&d=mm&r=g\",\"caption\":\"ftosti\"},\"url\":\"https:\/\/aehg-laplata.org.ar\/nueva\/author\/ftosti\/\"}]}<\/script>\n<!-- \/ Yoast SEO plugin. -->","yoast_head_json":{"title":"AEHG La Plata presente en la Fiesta Provincial del Vino de la Costa en Berisso - AEHG La Plata","robots":{"index":"index","follow":"follow","max-snippet":"max-snippet:-1","max-image-preview":"max-image-preview:large","max-video-preview":"max-video-preview:-1"},"canonical":"https:\/\/aehg-laplata.org.ar\/nueva\/aehg-la-plata-presente-en-la-fiesta-provincial-del-vino-de-la-costa-en-berisso\/","og_locale":"es_ES","og_type":"article","og_title":"AEHG La Plata presente en la Fiesta Provincial del Vino de la Costa en Berisso - AEHG La Plata","og_description":"[vc_row][vc_column][vc_column_text] AEHG La Plata presente en la Fiesta Provincial del Vino de la Costa en Berisso [\/vc_column_text][\/vc_column][\/vc_row][vc_row][vc_column][vc_single_image image=&#8221;1351&#8243; img_size=&#8221;full&#8221; alignment=&#8221;center&#8221;][\/vc_column][\/vc_row][vc_row][vc_column...","og_url":"https:\/\/aehg-laplata.org.ar\/nueva\/aehg-la-plata-presente-en-la-fiesta-provincial-del-vino-de-la-costa-en-berisso\/","og_site_name":"AEHG La Plata","article_publisher":"https:\/\/www.facebook.com\/AehgLaPlataOK\/","article_published_time":"2022-07-12T12:50:05+00:00","og_image":[{"width":1024,"height":768,"url":"http:\/\/aehg-laplata.org.ar\/nueva\/wp-content\/uploads\/1-4.jpeg","path":"\/home\/c1070183\/public_html\/nueva\/wp-content\/uploads\/1-4.jpeg","size":"full","id":1351,"alt":"","pixels":786432,"type":"image\/jpeg"}],"twitter_card":"summary_large_image","twitter_misc":{"Escrito por":"ftosti","Tiempo de lectura":"2 minutos"},"schema":{"@context":"https:\/\/schema.org","@graph":[{"@type":"WebSite","@id":"https:\/\/aehg-laplata.org.ar\/nueva\/#website","url":"https:\/\/aehg-laplata.org.ar\/nueva\/","name":"AEHG La Plata","description":"","potentialAction":[{"@type":"SearchAction","target":{"@type":"EntryPoint","urlTemplate":"https:\/\/aehg-laplata.org.ar\/nueva\/?s={search_term_string}"},"query-input":"required name=search_term_string"}],"inLanguage":"es-AR"},{"@type":"ImageObject","@id":"https:\/\/aehg-laplata.org.ar\/nueva\/aehg-la-plata-presente-en-la-fiesta-provincial-del-vino-de-la-costa-en-berisso\/#primaryimage","inLanguage":"es-AR","url":"https:\/\/aehg-laplata.org.ar\/nueva\/wp-content\/uploads\/1-4.jpeg","contentUrl":"https:\/\/aehg-laplata.org.ar\/nueva\/wp-content\/uploads\/1-4.jpeg","width":1024,"height":768},{"@type":"WebPage","@id":"https:\/\/aehg-laplata.org.ar\/nueva\/aehg-la-plata-presente-en-la-fiesta-provincial-del-vino-de-la-costa-en-berisso\/#webpage","url":"https:\/\/aehg-laplata.org.ar\/nueva\/aehg-la-plata-presente-en-la-fiesta-provincial-del-vino-de-la-costa-en-berisso\/","name":"AEHG La Plata presente en la Fiesta Provincial del Vino de la Costa en Berisso - AEHG La Plata","isPartOf":{"@id":"https:\/\/aehg-laplata.org.ar\/nueva\/#website"},"primaryImageOfPage":{"@id":"https:\/\/aehg-laplata.org.ar\/nueva\/aehg-la-plata-presente-en-la-fiesta-provincial-del-vino-de-la-costa-en-berisso\/#primaryimage"},"datePublished":"2022-07-12T12:50:05+00:00","dateModified":"2022-07-12T12:50:05+00:00","author":{"@id":"https:\/\/aehg-laplata.org.ar\/nueva\/#\/schema\/person\/7f7b2f53bda3353446a1e6bfb4837e14"},"breadcrumb":{"@id":"https:\/\/aehg-laplata.org.ar\/nueva\/aehg-la-plata-presente-en-la-fiesta-provincial-del-vino-de-la-costa-en-berisso\/#breadcrumb"},"inLanguage":"es-AR","potentialAction":[{"@type":"ReadAction","target":["https:\/\/aehg-laplata.org.ar\/nueva\/aehg-la-plata-presente-en-la-fiesta-provincial-del-vino-de-la-costa-en-berisso\/"]}]},{"@type":"BreadcrumbList","@id":"https:\/\/aehg-laplata.org.ar\/nueva\/aehg-la-plata-presente-en-la-fiesta-provincial-del-vino-de-la-costa-en-berisso\/#breadcrumb","itemListElement":[{"@type":"ListItem","position":1,"name":"Inicio","item":"https:\/\/aehg-laplata.org.ar\/nueva\/"},{"@type":"ListItem","position":2,"name":"AEHG La Plata presente en la Fiesta Provincial del Vino de la Costa en Berisso"}]},{"@type":"Person","@id":"https:\/\/aehg-laplata.org.ar\/nueva\/#\/schema\/person\/7f7b2f53bda3353446a1e6bfb4837e14","name":"ftosti","image":{"@type":"ImageObject","@id":"https:\/\/aehg-laplata.org.ar\/nueva\/#personlogo","inLanguage":"es-AR","url":"https:\/\/secure.gravatar.com\/avatar\/602f4beec51ba7ffdca86e4faf5d039c?s=96&d=mm&r=g","contentUrl":"https:\/\/secure.gravatar.com\/avatar\/602f4beec51ba7ffdca86e4faf5d039c?s=96&d=mm&r=g","caption":"ftosti"},"url":"https:\/\/aehg-laplata.org.ar\/nueva\/author\/ftosti\/"}]}},"_links":{"self":[{"href":"https:\/\/aehg-laplata.org.ar\/nueva\/wp-json\/wp\/v2\/posts\/1350"}],"collection":[{"href":"https:\/\/aehg-laplata.org.ar\/nueva\/wp-json\/wp\/v2\/posts"}],"about":[{"href":"https:\/\/aehg-laplata.org.ar\/nueva\/wp-json\/wp\/v2\/types\/post"}],"author":[{"embeddable":true,"href":"https:\/\/aehg-laplata.org.ar\/nueva\/wp-json\/wp\/v2\/users\/1"}],"replies":[{"embeddable":true,"href":"https:\/\/aehg-laplata.org.ar\/nueva\/wp-json\/wp\/v2\/comments?post=1350"}],"version-history":[{"count":2,"href":"https:\/\/aehg-laplata.org.ar\/nueva\/wp-json\/wp\/v2\/posts\/1350\/revisions"}],"predecessor-version":[{"id":1372,"href":"https:\/\/aehg-laplata.org.ar\/nueva\/wp-json\/wp\/v2\/posts\/1350\/revisions\/1372"}],"wp:featuredmedia":[{"embeddable":true,"href":"https:\/\/aehg-laplata.org.ar\/nueva\/wp-json\/wp\/v2\/media\/1351"}],"wp:attachment":[{"href":"https:\/\/aehg-laplata.org.ar\/nueva\/wp-json\/wp\/v2\/media?parent=1350"}],"wp:term":[{"taxonomy":"category","embeddable":true,"href":"https:\/\/aehg-laplata.org.ar\/nueva\/wp-json\/wp\/v2\/categories?post=1350"},{"taxonomy":"post_tag","embeddable":true,"href":"https:\/\/aehg-laplata.org.ar\/nueva\/wp-json\/wp\/v2\/tags?post=1350"}],"curies":[{"name":"wp","href":"https:\/\/api.w.org\/{rel}","templated":true}]}}