{"id":1308,"date":"2022-05-19T11:32:07","date_gmt":"2022-05-19T14:32:07","guid":{"rendered":"https:\/\/aehg-laplata.org.ar\/nueva\/?p=1308"},"modified":"2022-05-19T11:32:41","modified_gmt":"2022-05-19T14:32:41","slug":"asamblea-general-de-catur-pba","status":"publish","type":"post","link":"https:\/\/aehg-laplata.org.ar\/nueva\/asamblea-general-de-catur-pba\/","title":{"rendered":"Asamblea General de CATUR PBA"},"content":{"rendered":"<p>[vc_row][vc_column][vc_column_text]<\/p>\n<h3 class=\"entry-title\">Asamblea General de CATUR PBA<\/h3>\n<p>[\/vc_column_text][\/vc_column][\/vc_row][vc_row][vc_column css=&#8221;.vc_custom_1457772902902{margin-top: -10px !important;}&#8221;][vc_column_text]Claudio Aguilar fue designado vicepresidente de la Regi\u00f3n Cuenca del Salado.[\/vc_column_text][\/vc_column][\/vc_row][vc_row][vc_column][vc_single_image image=&#8221;1309&#8243; img_size=&#8221;full&#8221; alignment=&#8221;center&#8221;][\/vc_column][\/vc_row][vc_row][vc_column css=&#8221;.vc_custom_1457772902902{margin-top: -10px !important;}&#8221;][vc_column_text]En la Asamblea General de la C\u00e1mara de Turismo de la provincia de Buenos Aires (CATUR PBA), Claudio N. Aguilar fue elegido vicepresidente de la Regi\u00f3n Cuenca del Salado.<\/p>\n<p>La nueva Comisi\u00f3n Directiva fue presentada en el encuentro que se llev\u00f3 a cabo en la ciudad de Mar del Plata y est\u00e1 encabezada por Roberto Rodr\u00edguez como presidente, para el per\u00edodo 2022-2024.<\/p>\n<p>En este contexto, el presidente de la CAT y expresidente de CATUR PBA, Gustavo Hani, realiz\u00f3 un balance de su gesti\u00f3n y llam\u00f3 a los dirigentes bonaerenses a continuar trabajando fuerte por el desarrollo del turismo en la provincia.<\/p>\n<p>Rodr\u00edguez, por su parte, destac\u00f3 que su gesti\u00f3n har\u00e1 hincapi\u00e9 en la importancia de los instrumentos de promoci\u00f3n tur\u00edstica, buscar\u00e1 incrementar la colaboraci\u00f3n y consenso con el sector p\u00fablico, as\u00ed como el desarrollo de segmentos relacionados con el turismo de reuniones, la naturaleza \u2013 ruralidad, y el papel del turismo en el crecimiento inclusivo.<\/p>\n<p>La Comisi\u00f3n Directiva para esta nueva etapa qued\u00f3 conformada por:<\/p>\n<p>Presidente &#8211; Roberto Rodr\u00edguez (AHT)<\/p>\n<p>Vicepresidente 1\u00b0- Daniel Suffredini (FEHGRA MDQ)<\/p>\n<p>Vicepresidente 2\u00b0- Laura Teruel (CELADI)<\/p>\n<p>Secretario- Horacio Repucci (AAAVYT La Plata)<\/p>\n<p>Tesorero &#8211; Jes\u00fas Osorno (FEHGRA MDQ))<\/p>\n<p>Vocal &#8211; Gustavo Vorano (AEVYT MDQ)<\/p>\n<p>Vocal &#8211; Gabriel Cintioli (ARBBAVYT BHI)<\/p>\n<p>Vocal suplente &#8211; Ignacio Catt\u00e1neo (C\u00e1mara de Turismo Caril\u00f3)<\/p>\n<p>Vocal suplente &#8211; Gonzalo Castagnola (C\u00e1mara Turismo San Pedro)<\/p>\n<p>Vice Presidente regi\u00f3n Gral Pueyrred\u00f3n &#8211; Nolberto Pezzati (Bur\u00f3 MDQ)<\/p>\n<p>Vice Presidente regi\u00f3n Litoral Atl\u00e1ntico &#8211; Santiago Fuertes (FEHGRA Mar de Aj\u00f3 y La Lucila del Mar)<\/p>\n<p>Vice Presidente regi\u00f3n Centro &#8211; Mario Wisner (FEHGRA Tandil)<\/p>\n<p>Vice Presidente regi\u00f3n Sur &#8211; Jorge Maipach (FEHGRA Bah\u00eda Blanca)<\/p>\n<p>Vice presidente regi\u00f3n Noroeste &#8211; Lautaro Sforzzini (Centro comercio y turismo San A. de Areco)<\/p>\n<p>Vice Presidente regi\u00f3n Cuenca del Salado &#8211; Claudio Aguilar (FEHGRA La Plata)<\/p>\n<p>Vice Presidente regi\u00f3n Fluvial y Delta &#8211; Sol Morales (FEHGRA ASEN)<\/p>\n<p>Vice Presidente regi\u00f3n Metropolitana &#8211; Daniel Itzkovici (CELADI)<\/p>\n<p>Revisor de cuentas titular &#8211; Eduardo Cimolai (C\u00e1mara Truismo Luj\u00e1n)<\/p>\n<p>Revisor de cuentas (suplente) &#8211; Daniel Loyola (C\u00e1mara Turismo Reg. La Plata)<\/p>\n<p>Secretario de Actas &#8211; Pedro Marinovich (Fehgra Pinamar).[\/vc_column_text][\/vc_column][\/vc_row]<\/p>\n","protected":false},"excerpt":{"rendered":"<p>[vc_row][vc_column][vc_column_text] Asamblea General de CATUR PBA [\/vc_column_text][\/vc_column][\/vc_row][vc_row][vc_column css=&#8221;.vc_custom_1457772902902{margin-top: -10px !important;}&#8221;][vc_column_text]Claudio Aguilar fue designado vicepresidente de la Regi\u00f3n Cuenca del Salado.[\/vc_column_text][\/vc_column][\/vc_row][vc_row][vc_column][vc_single_image&#8230;<\/p>\n","protected":false},"author":1,"featured_media":1309,"comment_status":"closed","ping_status":"closed","sticky":false,"template":"","format":"standard","meta":[],"categories":[4],"tags":[],"yoast_head":"<!-- This site is optimized with the Yoast SEO plugin v17.2.1 - https:\/\/yoast.com\/wordpress\/plugins\/seo\/ -->\n<title>Asamblea General de CATUR PBA - AEHG La Plata<\/title>\n<meta name=\"robots\" content=\"index, follow, max-snippet:-1, max-image-preview:large, max-video-preview:-1\" \/>\n<link rel=\"canonical\" href=\"https:\/\/aehg-laplata.org.ar\/nueva\/asamblea-general-de-catur-pba\/\" \/>\n<meta property=\"og:locale\" content=\"es_ES\" \/>\n<meta property=\"og:type\" content=\"article\" \/>\n<meta property=\"og:title\" content=\"Asamblea General de CATUR PBA - AEHG La Plata\" \/>\n<meta property=\"og:description\" content=\"[vc_row][vc_column][vc_column_text] Asamblea General de CATUR PBA [\/vc_column_text][\/vc_column][\/vc_row][vc_row][vc_column css=&#8221;.vc_custom_1457772902902{margin-top: -10px !important;}&#8221;][vc_column_text]Claudio Aguilar fue designado vicepresidente de la Regi\u00f3n Cuenca del Salado.[\/vc_column_text][\/vc_column][\/vc_row][vc_row][vc_column][vc_single_image...\" \/>\n<meta property=\"og:url\" content=\"https:\/\/aehg-laplata.org.ar\/nueva\/asamblea-general-de-catur-pba\/\" \/>\n<meta property=\"og:site_name\" content=\"AEHG La Plata\" \/>\n<meta property=\"article:publisher\" content=\"https:\/\/www.facebook.com\/AehgLaPlataOK\/\" \/>\n<meta property=\"article:published_time\" content=\"2022-05-19T14:32:07+00:00\" \/>\n<meta property=\"article:modified_time\" content=\"2022-05-19T14:32:41+00:00\" \/>\n<meta property=\"og:image\" content=\"http:\/\/aehg-laplata.org.ar\/nueva\/wp-content\/uploads\/Claudio-Aguilar-fue-designado-vicepresidente-en-la-CATUR-PBA.jpg\" \/>\n\t<meta property=\"og:image:width\" content=\"1199\" \/>\n\t<meta property=\"og:image:height\" content=\"801\" \/>\n<meta name=\"twitter:card\" content=\"summary_large_image\" \/>\n<meta name=\"twitter:label1\" content=\"Escrito por\" \/>\n\t<meta name=\"twitter:data1\" content=\"ftosti\" \/>\n\t<meta name=\"twitter:label2\" content=\"Tiempo de lectura\" \/>\n\t<meta name=\"twitter:data2\" content=\"2 minutos\" \/>\n<script type=\"application\/ld+json\" class=\"yoast-schema-graph\">{\"@context\":\"https:\/\/schema.org\",\"@graph\":[{\"@type\":\"WebSite\",\"@id\":\"https:\/\/aehg-laplata.org.ar\/nueva\/#website\",\"url\":\"https:\/\/aehg-laplata.org.ar\/nueva\/\",\"name\":\"AEHG La Plata\",\"description\":\"\",\"potentialAction\":[{\"@type\":\"SearchAction\",\"target\":{\"@type\":\"EntryPoint\",\"urlTemplate\":\"https:\/\/aehg-laplata.org.ar\/nueva\/?s={search_term_string}\"},\"query-input\":\"required name=search_term_string\"}],\"inLanguage\":\"es-AR\"},{\"@type\":\"ImageObject\",\"@id\":\"https:\/\/aehg-laplata.org.ar\/nueva\/asamblea-general-de-catur-pba\/#primaryimage\",\"inLanguage\":\"es-AR\",\"url\":\"https:\/\/aehg-laplata.org.ar\/nueva\/wp-content\/uploads\/Claudio-Aguilar-fue-designado-vicepresidente-en-la-CATUR-PBA.jpg\",\"contentUrl\":\"https:\/\/aehg-laplata.org.ar\/nueva\/wp-content\/uploads\/Claudio-Aguilar-fue-designado-vicepresidente-en-la-CATUR-PBA.jpg\",\"width\":1199,\"height\":801},{\"@type\":\"WebPage\",\"@id\":\"https:\/\/aehg-laplata.org.ar\/nueva\/asamblea-general-de-catur-pba\/#webpage\",\"url\":\"https:\/\/aehg-laplata.org.ar\/nueva\/asamblea-general-de-catur-pba\/\",\"name\":\"Asamblea General de CATUR PBA - AEHG La Plata\",\"isPartOf\":{\"@id\":\"https:\/\/aehg-laplata.org.ar\/nueva\/#website\"},\"primaryImageOfPage\":{\"@id\":\"https:\/\/aehg-laplata.org.ar\/nueva\/asamblea-general-de-catur-pba\/#primaryimage\"},\"datePublished\":\"2022-05-19T14:32:07+00:00\",\"dateModified\":\"2022-05-19T14:32:41+00:00\",\"author\":{\"@id\":\"https:\/\/aehg-laplata.org.ar\/nueva\/#\/schema\/person\/7f7b2f53bda3353446a1e6bfb4837e14\"},\"breadcrumb\":{\"@id\":\"https:\/\/aehg-laplata.org.ar\/nueva\/asamblea-general-de-catur-pba\/#breadcrumb\"},\"inLanguage\":\"es-AR\",\"potentialAction\":[{\"@type\":\"ReadAction\",\"target\":[\"https:\/\/aehg-laplata.org.ar\/nueva\/asamblea-general-de-catur-pba\/\"]}]},{\"@type\":\"BreadcrumbList\",\"@id\":\"https:\/\/aehg-laplata.org.ar\/nueva\/asamblea-general-de-catur-pba\/#breadcrumb\",\"itemListElement\":[{\"@type\":\"ListItem\",\"position\":1,\"name\":\"Inicio\",\"item\":\"https:\/\/aehg-laplata.org.ar\/nueva\/\"},{\"@type\":\"ListItem\",\"position\":2,\"name\":\"Asamblea General de CATUR PBA\"}]},{\"@type\":\"Person\",\"@id\":\"https:\/\/aehg-laplata.org.ar\/nueva\/#\/schema\/person\/7f7b2f53bda3353446a1e6bfb4837e14\",\"name\":\"ftosti\",\"image\":{\"@type\":\"ImageObject\",\"@id\":\"https:\/\/aehg-laplata.org.ar\/nueva\/#personlogo\",\"inLanguage\":\"es-AR\",\"url\":\"https:\/\/secure.gravatar.com\/avatar\/602f4beec51ba7ffdca86e4faf5d039c?s=96&d=mm&r=g\",\"contentUrl\":\"https:\/\/secure.gravatar.com\/avatar\/602f4beec51ba7ffdca86e4faf5d039c?s=96&d=mm&r=g\",\"caption\":\"ftosti\"},\"url\":\"https:\/\/aehg-laplata.org.ar\/nueva\/author\/ftosti\/\"}]}<\/script>\n<!-- \/ Yoast SEO plugin. -->","yoast_head_json":{"title":"Asamblea General de CATUR PBA - AEHG La Plata","robots":{"index":"index","follow":"follow","max-snippet":"max-snippet:-1","max-image-preview":"max-image-preview:large","max-video-preview":"max-video-preview:-1"},"canonical":"https:\/\/aehg-laplata.org.ar\/nueva\/asamblea-general-de-catur-pba\/","og_locale":"es_ES","og_type":"article","og_title":"Asamblea General de CATUR PBA - AEHG La Plata","og_description":"[vc_row][vc_column][vc_column_text] Asamblea General de CATUR PBA [\/vc_column_text][\/vc_column][\/vc_row][vc_row][vc_column css=&#8221;.vc_custom_1457772902902{margin-top: -10px !important;}&#8221;][vc_column_text]Claudio Aguilar fue designado vicepresidente de la Regi\u00f3n Cuenca del Salado.[\/vc_column_text][\/vc_column][\/vc_row][vc_row][vc_column][vc_single_image...","og_url":"https:\/\/aehg-laplata.org.ar\/nueva\/asamblea-general-de-catur-pba\/","og_site_name":"AEHG La Plata","article_publisher":"https:\/\/www.facebook.com\/AehgLaPlataOK\/","article_published_time":"2022-05-19T14:32:07+00:00","article_modified_time":"2022-05-19T14:32:41+00:00","og_image":[{"width":1199,"height":801,"url":"http:\/\/aehg-laplata.org.ar\/nueva\/wp-content\/uploads\/Claudio-Aguilar-fue-designado-vicepresidente-en-la-CATUR-PBA.jpg","path":"\/home\/c1070183\/public_html\/nueva\/wp-content\/uploads\/Claudio-Aguilar-fue-designado-vicepresidente-en-la-CATUR-PBA.jpg","size":"full","id":1309,"alt":"","pixels":960399,"type":"image\/jpeg"}],"twitter_card":"summary_large_image","twitter_misc":{"Escrito por":"ftosti","Tiempo de lectura":"2 minutos"},"schema":{"@context":"https:\/\/schema.org","@graph":[{"@type":"WebSite","@id":"https:\/\/aehg-laplata.org.ar\/nueva\/#website","url":"https:\/\/aehg-laplata.org.ar\/nueva\/","name":"AEHG La Plata","description":"","potentialAction":[{"@type":"SearchAction","target":{"@type":"EntryPoint","urlTemplate":"https:\/\/aehg-laplata.org.ar\/nueva\/?s={search_term_string}"},"query-input":"required name=search_term_string"}],"inLanguage":"es-AR"},{"@type":"ImageObject","@id":"https:\/\/aehg-laplata.org.ar\/nueva\/asamblea-general-de-catur-pba\/#primaryimage","inLanguage":"es-AR","url":"https:\/\/aehg-laplata.org.ar\/nueva\/wp-content\/uploads\/Claudio-Aguilar-fue-designado-vicepresidente-en-la-CATUR-PBA.jpg","contentUrl":"https:\/\/aehg-laplata.org.ar\/nueva\/wp-content\/uploads\/Claudio-Aguilar-fue-designado-vicepresidente-en-la-CATUR-PBA.jpg","width":1199,"height":801},{"@type":"WebPage","@id":"https:\/\/aehg-laplata.org.ar\/nueva\/asamblea-general-de-catur-pba\/#webpage","url":"https:\/\/aehg-laplata.org.ar\/nueva\/asamblea-general-de-catur-pba\/","name":"Asamblea General de CATUR PBA - AEHG La Plata","isPartOf":{"@id":"https:\/\/aehg-laplata.org.ar\/nueva\/#website"},"primaryImageOfPage":{"@id":"https:\/\/aehg-laplata.org.ar\/nueva\/asamblea-general-de-catur-pba\/#primaryimage"},"datePublished":"2022-05-19T14:32:07+00:00","dateModified":"2022-05-19T14:32:41+00:00","author":{"@id":"https:\/\/aehg-laplata.org.ar\/nueva\/#\/schema\/person\/7f7b2f53bda3353446a1e6bfb4837e14"},"breadcrumb":{"@id":"https:\/\/aehg-laplata.org.ar\/nueva\/asamblea-general-de-catur-pba\/#breadcrumb"},"inLanguage":"es-AR","potentialAction":[{"@type":"ReadAction","target":["https:\/\/aehg-laplata.org.ar\/nueva\/asamblea-general-de-catur-pba\/"]}]},{"@type":"BreadcrumbList","@id":"https:\/\/aehg-laplata.org.ar\/nueva\/asamblea-general-de-catur-pba\/#breadcrumb","itemListElement":[{"@type":"ListItem","position":1,"name":"Inicio","item":"https:\/\/aehg-laplata.org.ar\/nueva\/"},{"@type":"ListItem","position":2,"name":"Asamblea General de CATUR PBA"}]},{"@type":"Person","@id":"https:\/\/aehg-laplata.org.ar\/nueva\/#\/schema\/person\/7f7b2f53bda3353446a1e6bfb4837e14","name":"ftosti","image":{"@type":"ImageObject","@id":"https:\/\/aehg-laplata.org.ar\/nueva\/#personlogo","inLanguage":"es-AR","url":"https:\/\/secure.gravatar.com\/avatar\/602f4beec51ba7ffdca86e4faf5d039c?s=96&d=mm&r=g","contentUrl":"https:\/\/secure.gravatar.com\/avatar\/602f4beec51ba7ffdca86e4faf5d039c?s=96&d=mm&r=g","caption":"ftosti"},"url":"https:\/\/aehg-laplata.org.ar\/nueva\/author\/ftosti\/"}]}},"_links":{"self":[{"href":"https:\/\/aehg-laplata.org.ar\/nueva\/wp-json\/wp\/v2\/posts\/1308"}],"collection":[{"href":"https:\/\/aehg-laplata.org.ar\/nueva\/wp-json\/wp\/v2\/posts"}],"about":[{"href":"https:\/\/aehg-laplata.org.ar\/nueva\/wp-json\/wp\/v2\/types\/post"}],"author":[{"embeddable":true,"href":"https:\/\/aehg-laplata.org.ar\/nueva\/wp-json\/wp\/v2\/users\/1"}],"replies":[{"embeddable":true,"href":"https:\/\/aehg-laplata.org.ar\/nueva\/wp-json\/wp\/v2\/comments?post=1308"}],"version-history":[{"count":2,"href":"https:\/\/aehg-laplata.org.ar\/nueva\/wp-json\/wp\/v2\/posts\/1308\/revisions"}],"predecessor-version":[{"id":1311,"href":"https:\/\/aehg-laplata.org.ar\/nueva\/wp-json\/wp\/v2\/posts\/1308\/revisions\/1311"}],"wp:featuredmedia":[{"embeddable":true,"href":"https:\/\/aehg-laplata.org.ar\/nueva\/wp-json\/wp\/v2\/media\/1309"}],"wp:attachment":[{"href":"https:\/\/aehg-laplata.org.ar\/nueva\/wp-json\/wp\/v2\/media?parent=1308"}],"wp:term":[{"taxonomy":"category","embeddable":true,"href":"https:\/\/aehg-laplata.org.ar\/nueva\/wp-json\/wp\/v2\/categories?post=1308"},{"taxonomy":"post_tag","embeddable":true,"href":"https:\/\/aehg-laplata.org.ar\/nueva\/wp-json\/wp\/v2\/tags?post=1308"}],"curies":[{"name":"wp","href":"https:\/\/api.w.org\/{rel}","templated":true}]}}