{"id":1302,"date":"2022-05-12T13:26:09","date_gmt":"2022-05-12T16:26:09","guid":{"rendered":"https:\/\/aehg-laplata.org.ar\/nueva\/?p=1302"},"modified":"2022-05-12T13:26:09","modified_gmt":"2022-05-12T16:26:09","slug":"campo-y-tradicion-en-chivilcoy","status":"publish","type":"post","link":"https:\/\/aehg-laplata.org.ar\/nueva\/campo-y-tradicion-en-chivilcoy\/","title":{"rendered":"Campo y tradici\u00f3n en Chivilcoy"},"content":{"rendered":"<p>[vc_row][vc_column][vc_column_text]<\/p>\n<h3 class=\"entry-title\">Campo y tradici\u00f3n en Chivilcoy<\/h3>\n<p>[\/vc_column_text][\/vc_column][\/vc_row][vc_row][vc_column][vc_single_image image=&#8221;1304&#8243; img_size=&#8221;full&#8221; alignment=&#8221;center&#8221;][\/vc_column][\/vc_row][vc_row][vc_column css=&#8221;.vc_custom_1457772902902{margin-top: -10px !important;}&#8221;][vc_column_text]A pocas horas de la capital provincial, Chivilcoy se presenta como un destino de descanso ideal para quienes buscan ambientes rurales, con recorridos hist\u00f3ricos, eventos tradicionalistas y lo m\u00e1s destacado de las pampas bonaerenses.<\/p>\n<p>Esta ciudad se caracteriza por la cordialidad de sus habitantes y el respeto por las tradiciones argentinas. Clara muestra de ello son el Complejo Tradicionalista El Fog\u00f3n y el Museo Almac\u00e9n El Recreo, originados hace a\u00f1os por iniciativa de pobladores interesados en la conservaci\u00f3n del pasado. Completando el circuito cultural, el Complejo Hist\u00f3rico funciona en un inmueble de valor arqueol\u00f3gico, en el cual el tiempo parece detenerse en distintas \u00e9pocas. Teatros, cines y un museo de artes pl\u00e1sticas se suman a esta propuesta en pleno centro urbano.<\/p>\n<p>El Parque Lacunario Alejandro Martija en las afueras de Chivilcoy, y pintorescas plazas y paseos p\u00fablicos en la ciudad, pintan de verde el paisaje invitando a respirar aire puro, distenderse y recrearse en espacios que segregan frescura y serenidad. Numerosos clubes intensifican el programa activo con la pr\u00e1ctica de variadas disciplinas, entre las que destacan f\u00fatbol, voley, pato, equitaci\u00f3n y pelota vasca, entre otros.<\/p>\n<p>Estad\u00eda o d\u00edas de campo en las distinguidas estancias tur\u00edsticas emplazadas en cercan\u00edas a Chivilcoy, cabalgatas, paseos en carruajes, participaci\u00f3n en labores cotidianas, constituyen el atractivo clave de esta localidad de las pampas que, adem\u00e1s, cuenta con hoteles y restaurantes de muy buen nivel, y otras posibilidades recreativas que incluyen la divertida movida nocturna.<\/p>\n<p>Como opci\u00f3n de turismo rural, la Granja Educativa Santa Clara propone al visitante una did\u00e1ctica modalidad de acercamiento a la actividad rural y el conocimiento de distintas especies animales y vegetales de la zona.<\/p>\n<p>La Estancia La Rica, por su parte, ofrece la posibilidad de disfrutar de agradables d\u00edas de campo en cercan\u00edas a la ciudad. C\u00f3modo alojamiento en el antiguo casco y c\u00e1lida atenci\u00f3n; placentera pileta de nataci\u00f3n insertada en un magn\u00edfico paisaje campestre; cabalgatas por los jardines; paseos en pintorescos carruajes; son algunas de las opciones irresistibles de esta Estancia Tur\u00edstica.<\/p>\n<p>Y la Estancia Don Ra\u00fal Invita a hospedarse en su encantadora posada o a vivir intensos d\u00edas de campo compartiendo tareas rurales y manjares gastron\u00f3micos. Una pileta de nataci\u00f3n completa la propuesta tornando a\u00fan m\u00e1s placentera la jornada.[\/vc_column_text][\/vc_column][\/vc_row][vc_row][vc_column][vc_gallery type=&#8221;flexslider_slide&#8221; interval=&#8221;3&#8243; images=&#8221;1303,1304,1305,1306&#8243; img_size=&#8221;full&#8221;][\/vc_column][\/vc_row]<\/p>\n","protected":false},"excerpt":{"rendered":"<p>[vc_row][vc_column][vc_column_text] Campo y tradici\u00f3n en Chivilcoy [\/vc_column_text][\/vc_column][\/vc_row][vc_row][vc_column][vc_single_image image=&#8221;1304&#8243; img_size=&#8221;full&#8221; alignment=&#8221;center&#8221;][\/vc_column][\/vc_row][vc_row][vc_column css=&#8221;.vc_custom_1457772902902{margin-top: -10px !important;}&#8221;][vc_column_text]A pocas horas de la capital provincial, Chivilcoy&#8230;<\/p>\n","protected":false},"author":1,"featured_media":0,"comment_status":"closed","ping_status":"closed","sticky":false,"template":"","format":"standard","meta":[],"categories":[4],"tags":[],"yoast_head":"<!-- This site is optimized with the Yoast SEO plugin v17.2.1 - https:\/\/yoast.com\/wordpress\/plugins\/seo\/ -->\n<title>Campo y tradici\u00f3n en Chivilcoy - AEHG La Plata<\/title>\n<meta name=\"robots\" content=\"index, follow, max-snippet:-1, max-image-preview:large, max-video-preview:-1\" \/>\n<link rel=\"canonical\" href=\"https:\/\/aehg-laplata.org.ar\/nueva\/campo-y-tradicion-en-chivilcoy\/\" \/>\n<meta property=\"og:locale\" content=\"es_ES\" \/>\n<meta property=\"og:type\" content=\"article\" \/>\n<meta property=\"og:title\" content=\"Campo y tradici\u00f3n en Chivilcoy - AEHG La Plata\" \/>\n<meta property=\"og:description\" content=\"[vc_row][vc_column][vc_column_text] Campo y tradici\u00f3n en Chivilcoy [\/vc_column_text][\/vc_column][\/vc_row][vc_row][vc_column][vc_single_image image=&#8221;1304&#8243; img_size=&#8221;full&#8221; alignment=&#8221;center&#8221;][\/vc_column][\/vc_row][vc_row][vc_column css=&#8221;.vc_custom_1457772902902{margin-top: -10px !important;}&#8221;][vc_column_text]A pocas horas de la capital provincial, Chivilcoy...\" \/>\n<meta property=\"og:url\" content=\"https:\/\/aehg-laplata.org.ar\/nueva\/campo-y-tradicion-en-chivilcoy\/\" \/>\n<meta property=\"og:site_name\" content=\"AEHG La Plata\" \/>\n<meta property=\"article:publisher\" content=\"https:\/\/www.facebook.com\/AehgLaPlataOK\/\" \/>\n<meta property=\"article:published_time\" content=\"2022-05-12T16:26:09+00:00\" \/>\n<meta name=\"twitter:card\" content=\"summary_large_image\" \/>\n<meta name=\"twitter:label1\" content=\"Escrito por\" \/>\n\t<meta name=\"twitter:data1\" content=\"ftosti\" \/>\n\t<meta name=\"twitter:label2\" content=\"Tiempo de lectura\" \/>\n\t<meta name=\"twitter:data2\" content=\"2 minutos\" \/>\n<script type=\"application\/ld+json\" class=\"yoast-schema-graph\">{\"@context\":\"https:\/\/schema.org\",\"@graph\":[{\"@type\":\"WebSite\",\"@id\":\"https:\/\/aehg-laplata.org.ar\/nueva\/#website\",\"url\":\"https:\/\/aehg-laplata.org.ar\/nueva\/\",\"name\":\"AEHG La Plata\",\"description\":\"\",\"potentialAction\":[{\"@type\":\"SearchAction\",\"target\":{\"@type\":\"EntryPoint\",\"urlTemplate\":\"https:\/\/aehg-laplata.org.ar\/nueva\/?s={search_term_string}\"},\"query-input\":\"required name=search_term_string\"}],\"inLanguage\":\"es-AR\"},{\"@type\":\"WebPage\",\"@id\":\"https:\/\/aehg-laplata.org.ar\/nueva\/campo-y-tradicion-en-chivilcoy\/#webpage\",\"url\":\"https:\/\/aehg-laplata.org.ar\/nueva\/campo-y-tradicion-en-chivilcoy\/\",\"name\":\"Campo y tradici\\u00f3n en Chivilcoy - AEHG La Plata\",\"isPartOf\":{\"@id\":\"https:\/\/aehg-laplata.org.ar\/nueva\/#website\"},\"datePublished\":\"2022-05-12T16:26:09+00:00\",\"dateModified\":\"2022-05-12T16:26:09+00:00\",\"author\":{\"@id\":\"https:\/\/aehg-laplata.org.ar\/nueva\/#\/schema\/person\/7f7b2f53bda3353446a1e6bfb4837e14\"},\"breadcrumb\":{\"@id\":\"https:\/\/aehg-laplata.org.ar\/nueva\/campo-y-tradicion-en-chivilcoy\/#breadcrumb\"},\"inLanguage\":\"es-AR\",\"potentialAction\":[{\"@type\":\"ReadAction\",\"target\":[\"https:\/\/aehg-laplata.org.ar\/nueva\/campo-y-tradicion-en-chivilcoy\/\"]}]},{\"@type\":\"BreadcrumbList\",\"@id\":\"https:\/\/aehg-laplata.org.ar\/nueva\/campo-y-tradicion-en-chivilcoy\/#breadcrumb\",\"itemListElement\":[{\"@type\":\"ListItem\",\"position\":1,\"name\":\"Inicio\",\"item\":\"https:\/\/aehg-laplata.org.ar\/nueva\/\"},{\"@type\":\"ListItem\",\"position\":2,\"name\":\"Campo y tradici\\u00f3n en Chivilcoy\"}]},{\"@type\":\"Person\",\"@id\":\"https:\/\/aehg-laplata.org.ar\/nueva\/#\/schema\/person\/7f7b2f53bda3353446a1e6bfb4837e14\",\"name\":\"ftosti\",\"image\":{\"@type\":\"ImageObject\",\"@id\":\"https:\/\/aehg-laplata.org.ar\/nueva\/#personlogo\",\"inLanguage\":\"es-AR\",\"url\":\"https:\/\/secure.gravatar.com\/avatar\/602f4beec51ba7ffdca86e4faf5d039c?s=96&d=mm&r=g\",\"contentUrl\":\"https:\/\/secure.gravatar.com\/avatar\/602f4beec51ba7ffdca86e4faf5d039c?s=96&d=mm&r=g\",\"caption\":\"ftosti\"},\"url\":\"https:\/\/aehg-laplata.org.ar\/nueva\/author\/ftosti\/\"}]}<\/script>\n<!-- \/ Yoast SEO plugin. -->","yoast_head_json":{"title":"Campo y tradici\u00f3n en Chivilcoy - AEHG La Plata","robots":{"index":"index","follow":"follow","max-snippet":"max-snippet:-1","max-image-preview":"max-image-preview:large","max-video-preview":"max-video-preview:-1"},"canonical":"https:\/\/aehg-laplata.org.ar\/nueva\/campo-y-tradicion-en-chivilcoy\/","og_locale":"es_ES","og_type":"article","og_title":"Campo y tradici\u00f3n en Chivilcoy - AEHG La Plata","og_description":"[vc_row][vc_column][vc_column_text] Campo y tradici\u00f3n en Chivilcoy [\/vc_column_text][\/vc_column][\/vc_row][vc_row][vc_column][vc_single_image image=&#8221;1304&#8243; img_size=&#8221;full&#8221; alignment=&#8221;center&#8221;][\/vc_column][\/vc_row][vc_row][vc_column css=&#8221;.vc_custom_1457772902902{margin-top: -10px !important;}&#8221;][vc_column_text]A pocas horas de la capital provincial, Chivilcoy...","og_url":"https:\/\/aehg-laplata.org.ar\/nueva\/campo-y-tradicion-en-chivilcoy\/","og_site_name":"AEHG La Plata","article_publisher":"https:\/\/www.facebook.com\/AehgLaPlataOK\/","article_published_time":"2022-05-12T16:26:09+00:00","twitter_card":"summary_large_image","twitter_misc":{"Escrito por":"ftosti","Tiempo de lectura":"2 minutos"},"schema":{"@context":"https:\/\/schema.org","@graph":[{"@type":"WebSite","@id":"https:\/\/aehg-laplata.org.ar\/nueva\/#website","url":"https:\/\/aehg-laplata.org.ar\/nueva\/","name":"AEHG La Plata","description":"","potentialAction":[{"@type":"SearchAction","target":{"@type":"EntryPoint","urlTemplate":"https:\/\/aehg-laplata.org.ar\/nueva\/?s={search_term_string}"},"query-input":"required name=search_term_string"}],"inLanguage":"es-AR"},{"@type":"WebPage","@id":"https:\/\/aehg-laplata.org.ar\/nueva\/campo-y-tradicion-en-chivilcoy\/#webpage","url":"https:\/\/aehg-laplata.org.ar\/nueva\/campo-y-tradicion-en-chivilcoy\/","name":"Campo y tradici\u00f3n en Chivilcoy - AEHG La Plata","isPartOf":{"@id":"https:\/\/aehg-laplata.org.ar\/nueva\/#website"},"datePublished":"2022-05-12T16:26:09+00:00","dateModified":"2022-05-12T16:26:09+00:00","author":{"@id":"https:\/\/aehg-laplata.org.ar\/nueva\/#\/schema\/person\/7f7b2f53bda3353446a1e6bfb4837e14"},"breadcrumb":{"@id":"https:\/\/aehg-laplata.org.ar\/nueva\/campo-y-tradicion-en-chivilcoy\/#breadcrumb"},"inLanguage":"es-AR","potentialAction":[{"@type":"ReadAction","target":["https:\/\/aehg-laplata.org.ar\/nueva\/campo-y-tradicion-en-chivilcoy\/"]}]},{"@type":"BreadcrumbList","@id":"https:\/\/aehg-laplata.org.ar\/nueva\/campo-y-tradicion-en-chivilcoy\/#breadcrumb","itemListElement":[{"@type":"ListItem","position":1,"name":"Inicio","item":"https:\/\/aehg-laplata.org.ar\/nueva\/"},{"@type":"ListItem","position":2,"name":"Campo y tradici\u00f3n en Chivilcoy"}]},{"@type":"Person","@id":"https:\/\/aehg-laplata.org.ar\/nueva\/#\/schema\/person\/7f7b2f53bda3353446a1e6bfb4837e14","name":"ftosti","image":{"@type":"ImageObject","@id":"https:\/\/aehg-laplata.org.ar\/nueva\/#personlogo","inLanguage":"es-AR","url":"https:\/\/secure.gravatar.com\/avatar\/602f4beec51ba7ffdca86e4faf5d039c?s=96&d=mm&r=g","contentUrl":"https:\/\/secure.gravatar.com\/avatar\/602f4beec51ba7ffdca86e4faf5d039c?s=96&d=mm&r=g","caption":"ftosti"},"url":"https:\/\/aehg-laplata.org.ar\/nueva\/author\/ftosti\/"}]}},"_links":{"self":[{"href":"https:\/\/aehg-laplata.org.ar\/nueva\/wp-json\/wp\/v2\/posts\/1302"}],"collection":[{"href":"https:\/\/aehg-laplata.org.ar\/nueva\/wp-json\/wp\/v2\/posts"}],"about":[{"href":"https:\/\/aehg-laplata.org.ar\/nueva\/wp-json\/wp\/v2\/types\/post"}],"author":[{"embeddable":true,"href":"https:\/\/aehg-laplata.org.ar\/nueva\/wp-json\/wp\/v2\/users\/1"}],"replies":[{"embeddable":true,"href":"https:\/\/aehg-laplata.org.ar\/nueva\/wp-json\/wp\/v2\/comments?post=1302"}],"version-history":[{"count":1,"href":"https:\/\/aehg-laplata.org.ar\/nueva\/wp-json\/wp\/v2\/posts\/1302\/revisions"}],"predecessor-version":[{"id":1307,"href":"https:\/\/aehg-laplata.org.ar\/nueva\/wp-json\/wp\/v2\/posts\/1302\/revisions\/1307"}],"wp:attachment":[{"href":"https:\/\/aehg-laplata.org.ar\/nueva\/wp-json\/wp\/v2\/media?parent=1302"}],"wp:term":[{"taxonomy":"category","embeddable":true,"href":"https:\/\/aehg-laplata.org.ar\/nueva\/wp-json\/wp\/v2\/categories?post=1302"},{"taxonomy":"post_tag","embeddable":true,"href":"https:\/\/aehg-laplata.org.ar\/nueva\/wp-json\/wp\/v2\/tags?post=1302"}],"curies":[{"name":"wp","href":"https:\/\/api.w.org\/{rel}","templated":true}]}}