{"id":1298,"date":"2022-04-29T12:51:14","date_gmt":"2022-04-29T15:51:14","guid":{"rendered":"https:\/\/aehg-laplata.org.ar\/nueva\/?p=1298"},"modified":"2022-04-29T12:51:14","modified_gmt":"2022-04-29T15:51:14","slug":"finalizo-la-reunion-del-consejo-directivo-de-fehgra-en-ushuaia","status":"publish","type":"post","link":"https:\/\/aehg-laplata.org.ar\/nueva\/finalizo-la-reunion-del-consejo-directivo-de-fehgra-en-ushuaia\/","title":{"rendered":"Finaliz\u00f3 la reuni\u00f3n del Consejo Directivo de FEHGRA en Ushuaia"},"content":{"rendered":"<p>[vc_row][vc_column][vc_column_text]<\/p>\n<h3 class=\"entry-title\">Finaliz\u00f3 la reuni\u00f3n del Consejo Directivo de FEHGRA en Ushuaia<\/h3>\n<p>[\/vc_column_text][\/vc_column][\/vc_row][vc_row][vc_column][vc_single_image image=&#8221;1299&#8243; img_size=&#8221;full&#8221; alignment=&#8221;center&#8221;][\/vc_column][\/vc_row][vc_row][vc_column css=&#8221;.vc_custom_1457772902902{margin-top: -10px !important;}&#8221;][vc_column_text]Durante la segunda jornada de la 229\u00b0 Reuni\u00f3n de Consejo Directivo y Asamblea Extraordinaria de la Federaci\u00f3n Empresaria Hotelera Gastron\u00f3mica de la Rep\u00fablica Argentina, el presidente de AEHG La Plata, Claudio N. Aguilar, expuso, como responsable del Departamento de Relaci\u00f3n con Filiales de FEHGRA, todo el trabajo realizado de manera federal a lo largo de los primeros meses de este a\u00f1o.<\/p>\n<p>Adem\u00e1s, representantes de los ministerios de Turismo y Deportes, y de Trabajo, Empleo y Seguridad Social presentaron distintos programas y herramientas para el sector, como el Portal Empleo, dedicado a los servicios de empleo, la formaci\u00f3n profesional y la intermediaci\u00f3n laboral; el Programa Potenciar Trabajo, que apunta a la incorporaci\u00f3n de titulares del Programa al empleo registrado en el sector gastron\u00f3mico, tur\u00edstico y hotelero; y el Programa Fomentar Empleo, orientado a los trabajadores sin empleo formal y a los empleadores que se inscriban en el Portal Empleo.<\/p>\n<p>Asimismo, el presidente de Invecq Consulting, Esteban Domecq, y su director Mat\u00edas Surt, analizaron la actualidad y perspectivas econ\u00f3micas, se refirieron al escenario 2022 y presentaron el informe \u201cSeguimiento del sector hotelero y gastron\u00f3mico\u201d. Por otra parte, el doctor Humberto Bertazza hizo una presentaci\u00f3n sobre el Escenario de la Pol\u00edtica Tributaria.<\/p>\n<p>Durante las dos jornadas se desarroll\u00f3 un Workshop de Proveedores, en donde las empresas Zomer, Electrolux, La Cardeusse, Full Asistance, NBS Bazar, Cruz del Sur y AQA Purificadores de Agua exhibieron sus productos y servicios y ofrecieron beneficios y descuentos para los empresarios presentes.<\/p>\n<p>Tambi\u00e9n se ley\u00f3 la carta del Papa Francisco, quien recientemente recibi\u00f3 el libro \u201cTurismo de Fe en Argentina\u201d, elaborado por FEHGRA. \u201cA trav\u00e9s de sus p\u00e1ginas se hace presente la devoci\u00f3n popular en nuestra patria y la dedicaci\u00f3n de nuestra gente, que cuida sus ra\u00edces y sabe acoger a los dem\u00e1s. Los animo a seguir trabajando con responsabilidad, fomentando el cuidado de la tradici\u00f3n y de los valores culturales y religiosos que est\u00e1n presentes desde siempre en el suelo argentino\u201d, expres\u00f3 en una misiva dirigida al Presidente de FEHGRA.<\/p>\n<p>En el 40\u00b0 Aniversario de la gesta de Malvinas y de acuerdo con lo establecido por la legislaci\u00f3n provincial vigente, se enton\u00f3 la Marcha de Malvinas, mientras se present\u00f3 un video homenaje.[\/vc_column_text][\/vc_column][\/vc_row]<\/p>\n","protected":false},"excerpt":{"rendered":"<p>[vc_row][vc_column][vc_column_text] Finaliz\u00f3 la reuni\u00f3n del Consejo Directivo de FEHGRA en Ushuaia [\/vc_column_text][\/vc_column][\/vc_row][vc_row][vc_column][vc_single_image image=&#8221;1299&#8243; img_size=&#8221;full&#8221; alignment=&#8221;center&#8221;][\/vc_column][\/vc_row][vc_row][vc_column css=&#8221;.vc_custom_1457772902902{margin-top: -10px !important;}&#8221;][vc_column_text]Durante la segunda&#8230;<\/p>\n","protected":false},"author":1,"featured_media":1299,"comment_status":"closed","ping_status":"closed","sticky":false,"template":"","format":"standard","meta":[],"categories":[4],"tags":[],"yoast_head":"<!-- This site is optimized with the Yoast SEO plugin v17.2.1 - https:\/\/yoast.com\/wordpress\/plugins\/seo\/ -->\n<title>Finaliz\u00f3 la reuni\u00f3n del Consejo Directivo de FEHGRA en Ushuaia - AEHG La Plata<\/title>\n<meta name=\"robots\" content=\"index, follow, max-snippet:-1, max-image-preview:large, max-video-preview:-1\" \/>\n<link rel=\"canonical\" href=\"https:\/\/aehg-laplata.org.ar\/nueva\/finalizo-la-reunion-del-consejo-directivo-de-fehgra-en-ushuaia\/\" \/>\n<meta property=\"og:locale\" content=\"es_ES\" \/>\n<meta property=\"og:type\" content=\"article\" \/>\n<meta property=\"og:title\" content=\"Finaliz\u00f3 la reuni\u00f3n del Consejo Directivo de FEHGRA en Ushuaia - AEHG La Plata\" \/>\n<meta property=\"og:description\" content=\"[vc_row][vc_column][vc_column_text] Finaliz\u00f3 la reuni\u00f3n del Consejo Directivo de FEHGRA en Ushuaia [\/vc_column_text][\/vc_column][\/vc_row][vc_row][vc_column][vc_single_image image=&#8221;1299&#8243; img_size=&#8221;full&#8221; alignment=&#8221;center&#8221;][\/vc_column][\/vc_row][vc_row][vc_column css=&#8221;.vc_custom_1457772902902{margin-top: -10px !important;}&#8221;][vc_column_text]Durante la segunda...\" \/>\n<meta property=\"og:url\" content=\"https:\/\/aehg-laplata.org.ar\/nueva\/finalizo-la-reunion-del-consejo-directivo-de-fehgra-en-ushuaia\/\" \/>\n<meta property=\"og:site_name\" content=\"AEHG La Plata\" \/>\n<meta property=\"article:publisher\" content=\"https:\/\/www.facebook.com\/AehgLaPlataOK\/\" \/>\n<meta property=\"article:published_time\" content=\"2022-04-29T15:51:14+00:00\" \/>\n<meta property=\"og:image\" content=\"http:\/\/aehg-laplata.org.ar\/nueva\/wp-content\/uploads\/Finalizo-la-reunion-del-Consejo-Directivo-de-FEHGRA-en-Ushuaia.jpg\" \/>\n\t<meta property=\"og:image:width\" content=\"800\" \/>\n\t<meta property=\"og:image:height\" content=\"533\" \/>\n<meta name=\"twitter:card\" content=\"summary_large_image\" \/>\n<meta name=\"twitter:label1\" content=\"Escrito por\" \/>\n\t<meta name=\"twitter:data1\" content=\"ftosti\" \/>\n\t<meta name=\"twitter:label2\" content=\"Tiempo de lectura\" \/>\n\t<meta name=\"twitter:data2\" content=\"2 minutos\" \/>\n<script type=\"application\/ld+json\" class=\"yoast-schema-graph\">{\"@context\":\"https:\/\/schema.org\",\"@graph\":[{\"@type\":\"WebSite\",\"@id\":\"https:\/\/aehg-laplata.org.ar\/nueva\/#website\",\"url\":\"https:\/\/aehg-laplata.org.ar\/nueva\/\",\"name\":\"AEHG La Plata\",\"description\":\"\",\"potentialAction\":[{\"@type\":\"SearchAction\",\"target\":{\"@type\":\"EntryPoint\",\"urlTemplate\":\"https:\/\/aehg-laplata.org.ar\/nueva\/?s={search_term_string}\"},\"query-input\":\"required name=search_term_string\"}],\"inLanguage\":\"es-AR\"},{\"@type\":\"ImageObject\",\"@id\":\"https:\/\/aehg-laplata.org.ar\/nueva\/finalizo-la-reunion-del-consejo-directivo-de-fehgra-en-ushuaia\/#primaryimage\",\"inLanguage\":\"es-AR\",\"url\":\"https:\/\/aehg-laplata.org.ar\/nueva\/wp-content\/uploads\/Finalizo-la-reunion-del-Consejo-Directivo-de-FEHGRA-en-Ushuaia.jpg\",\"contentUrl\":\"https:\/\/aehg-laplata.org.ar\/nueva\/wp-content\/uploads\/Finalizo-la-reunion-del-Consejo-Directivo-de-FEHGRA-en-Ushuaia.jpg\",\"width\":800,\"height\":533},{\"@type\":\"WebPage\",\"@id\":\"https:\/\/aehg-laplata.org.ar\/nueva\/finalizo-la-reunion-del-consejo-directivo-de-fehgra-en-ushuaia\/#webpage\",\"url\":\"https:\/\/aehg-laplata.org.ar\/nueva\/finalizo-la-reunion-del-consejo-directivo-de-fehgra-en-ushuaia\/\",\"name\":\"Finaliz\\u00f3 la reuni\\u00f3n del Consejo Directivo de FEHGRA en Ushuaia - AEHG La Plata\",\"isPartOf\":{\"@id\":\"https:\/\/aehg-laplata.org.ar\/nueva\/#website\"},\"primaryImageOfPage\":{\"@id\":\"https:\/\/aehg-laplata.org.ar\/nueva\/finalizo-la-reunion-del-consejo-directivo-de-fehgra-en-ushuaia\/#primaryimage\"},\"datePublished\":\"2022-04-29T15:51:14+00:00\",\"dateModified\":\"2022-04-29T15:51:14+00:00\",\"author\":{\"@id\":\"https:\/\/aehg-laplata.org.ar\/nueva\/#\/schema\/person\/7f7b2f53bda3353446a1e6bfb4837e14\"},\"breadcrumb\":{\"@id\":\"https:\/\/aehg-laplata.org.ar\/nueva\/finalizo-la-reunion-del-consejo-directivo-de-fehgra-en-ushuaia\/#breadcrumb\"},\"inLanguage\":\"es-AR\",\"potentialAction\":[{\"@type\":\"ReadAction\",\"target\":[\"https:\/\/aehg-laplata.org.ar\/nueva\/finalizo-la-reunion-del-consejo-directivo-de-fehgra-en-ushuaia\/\"]}]},{\"@type\":\"BreadcrumbList\",\"@id\":\"https:\/\/aehg-laplata.org.ar\/nueva\/finalizo-la-reunion-del-consejo-directivo-de-fehgra-en-ushuaia\/#breadcrumb\",\"itemListElement\":[{\"@type\":\"ListItem\",\"position\":1,\"name\":\"Inicio\",\"item\":\"https:\/\/aehg-laplata.org.ar\/nueva\/\"},{\"@type\":\"ListItem\",\"position\":2,\"name\":\"Finaliz\\u00f3 la reuni\\u00f3n del Consejo Directivo de FEHGRA en Ushuaia\"}]},{\"@type\":\"Person\",\"@id\":\"https:\/\/aehg-laplata.org.ar\/nueva\/#\/schema\/person\/7f7b2f53bda3353446a1e6bfb4837e14\",\"name\":\"ftosti\",\"image\":{\"@type\":\"ImageObject\",\"@id\":\"https:\/\/aehg-laplata.org.ar\/nueva\/#personlogo\",\"inLanguage\":\"es-AR\",\"url\":\"https:\/\/secure.gravatar.com\/avatar\/602f4beec51ba7ffdca86e4faf5d039c?s=96&d=mm&r=g\",\"contentUrl\":\"https:\/\/secure.gravatar.com\/avatar\/602f4beec51ba7ffdca86e4faf5d039c?s=96&d=mm&r=g\",\"caption\":\"ftosti\"},\"url\":\"https:\/\/aehg-laplata.org.ar\/nueva\/author\/ftosti\/\"}]}<\/script>\n<!-- \/ Yoast SEO plugin. -->","yoast_head_json":{"title":"Finaliz\u00f3 la reuni\u00f3n del Consejo Directivo de FEHGRA en Ushuaia - AEHG La Plata","robots":{"index":"index","follow":"follow","max-snippet":"max-snippet:-1","max-image-preview":"max-image-preview:large","max-video-preview":"max-video-preview:-1"},"canonical":"https:\/\/aehg-laplata.org.ar\/nueva\/finalizo-la-reunion-del-consejo-directivo-de-fehgra-en-ushuaia\/","og_locale":"es_ES","og_type":"article","og_title":"Finaliz\u00f3 la reuni\u00f3n del Consejo Directivo de FEHGRA en Ushuaia - AEHG La Plata","og_description":"[vc_row][vc_column][vc_column_text] Finaliz\u00f3 la reuni\u00f3n del Consejo Directivo de FEHGRA en Ushuaia [\/vc_column_text][\/vc_column][\/vc_row][vc_row][vc_column][vc_single_image image=&#8221;1299&#8243; img_size=&#8221;full&#8221; alignment=&#8221;center&#8221;][\/vc_column][\/vc_row][vc_row][vc_column css=&#8221;.vc_custom_1457772902902{margin-top: -10px !important;}&#8221;][vc_column_text]Durante la segunda...","og_url":"https:\/\/aehg-laplata.org.ar\/nueva\/finalizo-la-reunion-del-consejo-directivo-de-fehgra-en-ushuaia\/","og_site_name":"AEHG La Plata","article_publisher":"https:\/\/www.facebook.com\/AehgLaPlataOK\/","article_published_time":"2022-04-29T15:51:14+00:00","og_image":[{"width":800,"height":533,"url":"http:\/\/aehg-laplata.org.ar\/nueva\/wp-content\/uploads\/Finalizo-la-reunion-del-Consejo-Directivo-de-FEHGRA-en-Ushuaia.jpg","path":"\/home\/c1070183\/public_html\/nueva\/wp-content\/uploads\/Finalizo-la-reunion-del-Consejo-Directivo-de-FEHGRA-en-Ushuaia.jpg","size":"full","id":1299,"alt":"","pixels":426400,"type":"image\/jpeg"}],"twitter_card":"summary_large_image","twitter_misc":{"Escrito por":"ftosti","Tiempo de lectura":"2 minutos"},"schema":{"@context":"https:\/\/schema.org","@graph":[{"@type":"WebSite","@id":"https:\/\/aehg-laplata.org.ar\/nueva\/#website","url":"https:\/\/aehg-laplata.org.ar\/nueva\/","name":"AEHG La Plata","description":"","potentialAction":[{"@type":"SearchAction","target":{"@type":"EntryPoint","urlTemplate":"https:\/\/aehg-laplata.org.ar\/nueva\/?s={search_term_string}"},"query-input":"required name=search_term_string"}],"inLanguage":"es-AR"},{"@type":"ImageObject","@id":"https:\/\/aehg-laplata.org.ar\/nueva\/finalizo-la-reunion-del-consejo-directivo-de-fehgra-en-ushuaia\/#primaryimage","inLanguage":"es-AR","url":"https:\/\/aehg-laplata.org.ar\/nueva\/wp-content\/uploads\/Finalizo-la-reunion-del-Consejo-Directivo-de-FEHGRA-en-Ushuaia.jpg","contentUrl":"https:\/\/aehg-laplata.org.ar\/nueva\/wp-content\/uploads\/Finalizo-la-reunion-del-Consejo-Directivo-de-FEHGRA-en-Ushuaia.jpg","width":800,"height":533},{"@type":"WebPage","@id":"https:\/\/aehg-laplata.org.ar\/nueva\/finalizo-la-reunion-del-consejo-directivo-de-fehgra-en-ushuaia\/#webpage","url":"https:\/\/aehg-laplata.org.ar\/nueva\/finalizo-la-reunion-del-consejo-directivo-de-fehgra-en-ushuaia\/","name":"Finaliz\u00f3 la reuni\u00f3n del Consejo Directivo de FEHGRA en Ushuaia - AEHG La Plata","isPartOf":{"@id":"https:\/\/aehg-laplata.org.ar\/nueva\/#website"},"primaryImageOfPage":{"@id":"https:\/\/aehg-laplata.org.ar\/nueva\/finalizo-la-reunion-del-consejo-directivo-de-fehgra-en-ushuaia\/#primaryimage"},"datePublished":"2022-04-29T15:51:14+00:00","dateModified":"2022-04-29T15:51:14+00:00","author":{"@id":"https:\/\/aehg-laplata.org.ar\/nueva\/#\/schema\/person\/7f7b2f53bda3353446a1e6bfb4837e14"},"breadcrumb":{"@id":"https:\/\/aehg-laplata.org.ar\/nueva\/finalizo-la-reunion-del-consejo-directivo-de-fehgra-en-ushuaia\/#breadcrumb"},"inLanguage":"es-AR","potentialAction":[{"@type":"ReadAction","target":["https:\/\/aehg-laplata.org.ar\/nueva\/finalizo-la-reunion-del-consejo-directivo-de-fehgra-en-ushuaia\/"]}]},{"@type":"BreadcrumbList","@id":"https:\/\/aehg-laplata.org.ar\/nueva\/finalizo-la-reunion-del-consejo-directivo-de-fehgra-en-ushuaia\/#breadcrumb","itemListElement":[{"@type":"ListItem","position":1,"name":"Inicio","item":"https:\/\/aehg-laplata.org.ar\/nueva\/"},{"@type":"ListItem","position":2,"name":"Finaliz\u00f3 la reuni\u00f3n del Consejo Directivo de FEHGRA en Ushuaia"}]},{"@type":"Person","@id":"https:\/\/aehg-laplata.org.ar\/nueva\/#\/schema\/person\/7f7b2f53bda3353446a1e6bfb4837e14","name":"ftosti","image":{"@type":"ImageObject","@id":"https:\/\/aehg-laplata.org.ar\/nueva\/#personlogo","inLanguage":"es-AR","url":"https:\/\/secure.gravatar.com\/avatar\/602f4beec51ba7ffdca86e4faf5d039c?s=96&d=mm&r=g","contentUrl":"https:\/\/secure.gravatar.com\/avatar\/602f4beec51ba7ffdca86e4faf5d039c?s=96&d=mm&r=g","caption":"ftosti"},"url":"https:\/\/aehg-laplata.org.ar\/nueva\/author\/ftosti\/"}]}},"_links":{"self":[{"href":"https:\/\/aehg-laplata.org.ar\/nueva\/wp-json\/wp\/v2\/posts\/1298"}],"collection":[{"href":"https:\/\/aehg-laplata.org.ar\/nueva\/wp-json\/wp\/v2\/posts"}],"about":[{"href":"https:\/\/aehg-laplata.org.ar\/nueva\/wp-json\/wp\/v2\/types\/post"}],"author":[{"embeddable":true,"href":"https:\/\/aehg-laplata.org.ar\/nueva\/wp-json\/wp\/v2\/users\/1"}],"replies":[{"embeddable":true,"href":"https:\/\/aehg-laplata.org.ar\/nueva\/wp-json\/wp\/v2\/comments?post=1298"}],"version-history":[{"count":1,"href":"https:\/\/aehg-laplata.org.ar\/nueva\/wp-json\/wp\/v2\/posts\/1298\/revisions"}],"predecessor-version":[{"id":1300,"href":"https:\/\/aehg-laplata.org.ar\/nueva\/wp-json\/wp\/v2\/posts\/1298\/revisions\/1300"}],"wp:featuredmedia":[{"embeddable":true,"href":"https:\/\/aehg-laplata.org.ar\/nueva\/wp-json\/wp\/v2\/media\/1299"}],"wp:attachment":[{"href":"https:\/\/aehg-laplata.org.ar\/nueva\/wp-json\/wp\/v2\/media?parent=1298"}],"wp:term":[{"taxonomy":"category","embeddable":true,"href":"https:\/\/aehg-laplata.org.ar\/nueva\/wp-json\/wp\/v2\/categories?post=1298"},{"taxonomy":"post_tag","embeddable":true,"href":"https:\/\/aehg-laplata.org.ar\/nueva\/wp-json\/wp\/v2\/tags?post=1298"}],"curies":[{"name":"wp","href":"https:\/\/api.w.org\/{rel}","templated":true}]}}