{"id":1295,"date":"2022-04-29T09:05:48","date_gmt":"2022-04-29T12:05:48","guid":{"rendered":"https:\/\/aehg-laplata.org.ar\/nueva\/?p=1295"},"modified":"2022-04-29T09:05:48","modified_gmt":"2022-04-29T12:05:48","slug":"reconocimiento-de-fehgra-a-mario-aguilar","status":"publish","type":"post","link":"https:\/\/aehg-laplata.org.ar\/nueva\/reconocimiento-de-fehgra-a-mario-aguilar\/","title":{"rendered":"Reconocimiento de FEHGRA a Mario Aguilar"},"content":{"rendered":"<p>[vc_row][vc_column][vc_column_text]<\/p>\n<h3 class=\"entry-title\">Reconocimiento de FEHGRA a Mario Aguilar<\/h3>\n<p>[\/vc_column_text][\/vc_column][\/vc_row][vc_row][vc_column][vc_single_image image=&#8221;1296&#8243; img_size=&#8221;full&#8221; alignment=&#8221;center&#8221;][\/vc_column][\/vc_row][vc_row][vc_column css=&#8221;.vc_custom_1457772902902{margin-top: -10px !important;}&#8221;][vc_column_text]La Federaci\u00f3n Empresaria Hotelera Gastron\u00f3mica de la Rep\u00fablica Argentina (FEHGRA) entreg\u00f3 el premio Antonio G\u00f3mez al vicepresidente 1\u00ba de AEHG La Plata, Mario Aguilar, por su importante trayectoria y compromiso con el sector hotelero y gastron\u00f3mico.<\/p>\n<p>El reconocimiento fue realizado en el marco de la 229\u00ba Reuni\u00f3n de Consejo Directivo llevada adelante en Ushuaia, Tierra del Fuego.[\/vc_column_text][\/vc_column][\/vc_row]<\/p>\n","protected":false},"excerpt":{"rendered":"<p>[vc_row][vc_column][vc_column_text] Reconocimiento de FEHGRA a Mario Aguilar [\/vc_column_text][\/vc_column][\/vc_row][vc_row][vc_column][vc_single_image image=&#8221;1296&#8243; img_size=&#8221;full&#8221; alignment=&#8221;center&#8221;][\/vc_column][\/vc_row][vc_row][vc_column css=&#8221;.vc_custom_1457772902902{margin-top: -10px !important;}&#8221;][vc_column_text]La Federaci\u00f3n Empresaria Hotelera Gastron\u00f3mica de la&#8230;<\/p>\n","protected":false},"author":1,"featured_media":1296,"comment_status":"closed","ping_status":"closed","sticky":false,"template":"","format":"standard","meta":[],"categories":[4],"tags":[],"yoast_head":"<!-- This site is optimized with the Yoast SEO plugin v17.2.1 - https:\/\/yoast.com\/wordpress\/plugins\/seo\/ -->\n<title>Reconocimiento de FEHGRA a Mario Aguilar - AEHG La Plata<\/title>\n<meta name=\"robots\" content=\"index, follow, max-snippet:-1, max-image-preview:large, max-video-preview:-1\" \/>\n<link rel=\"canonical\" href=\"https:\/\/aehg-laplata.org.ar\/nueva\/reconocimiento-de-fehgra-a-mario-aguilar\/\" \/>\n<meta property=\"og:locale\" content=\"es_ES\" \/>\n<meta property=\"og:type\" content=\"article\" \/>\n<meta property=\"og:title\" content=\"Reconocimiento de FEHGRA a Mario Aguilar - AEHG La Plata\" \/>\n<meta property=\"og:description\" content=\"[vc_row][vc_column][vc_column_text] Reconocimiento de FEHGRA a Mario Aguilar [\/vc_column_text][\/vc_column][\/vc_row][vc_row][vc_column][vc_single_image image=&#8221;1296&#8243; img_size=&#8221;full&#8221; alignment=&#8221;center&#8221;][\/vc_column][\/vc_row][vc_row][vc_column css=&#8221;.vc_custom_1457772902902{margin-top: -10px !important;}&#8221;][vc_column_text]La Federaci\u00f3n Empresaria Hotelera Gastron\u00f3mica de la...\" \/>\n<meta property=\"og:url\" content=\"https:\/\/aehg-laplata.org.ar\/nueva\/reconocimiento-de-fehgra-a-mario-aguilar\/\" \/>\n<meta property=\"og:site_name\" content=\"AEHG La Plata\" \/>\n<meta property=\"article:publisher\" content=\"https:\/\/www.facebook.com\/AehgLaPlataOK\/\" \/>\n<meta property=\"article:published_time\" content=\"2022-04-29T12:05:48+00:00\" \/>\n<meta property=\"og:image\" content=\"http:\/\/aehg-laplata.org.ar\/nueva\/wp-content\/uploads\/Reconocimiento-de-FEHGRA-a-Mario-Aguilar.jpg\" \/>\n\t<meta property=\"og:image:width\" content=\"1280\" \/>\n\t<meta property=\"og:image:height\" content=\"855\" \/>\n<meta name=\"twitter:card\" content=\"summary_large_image\" \/>\n<meta name=\"twitter:label1\" content=\"Escrito por\" \/>\n\t<meta name=\"twitter:data1\" content=\"ftosti\" \/>\n\t<meta name=\"twitter:label2\" content=\"Tiempo de lectura\" \/>\n\t<meta name=\"twitter:data2\" content=\"1 minuto\" \/>\n<script type=\"application\/ld+json\" class=\"yoast-schema-graph\">{\"@context\":\"https:\/\/schema.org\",\"@graph\":[{\"@type\":\"WebSite\",\"@id\":\"https:\/\/aehg-laplata.org.ar\/nueva\/#website\",\"url\":\"https:\/\/aehg-laplata.org.ar\/nueva\/\",\"name\":\"AEHG La Plata\",\"description\":\"\",\"potentialAction\":[{\"@type\":\"SearchAction\",\"target\":{\"@type\":\"EntryPoint\",\"urlTemplate\":\"https:\/\/aehg-laplata.org.ar\/nueva\/?s={search_term_string}\"},\"query-input\":\"required name=search_term_string\"}],\"inLanguage\":\"es-AR\"},{\"@type\":\"ImageObject\",\"@id\":\"https:\/\/aehg-laplata.org.ar\/nueva\/reconocimiento-de-fehgra-a-mario-aguilar\/#primaryimage\",\"inLanguage\":\"es-AR\",\"url\":\"https:\/\/aehg-laplata.org.ar\/nueva\/wp-content\/uploads\/Reconocimiento-de-FEHGRA-a-Mario-Aguilar.jpg\",\"contentUrl\":\"https:\/\/aehg-laplata.org.ar\/nueva\/wp-content\/uploads\/Reconocimiento-de-FEHGRA-a-Mario-Aguilar.jpg\",\"width\":1280,\"height\":855},{\"@type\":\"WebPage\",\"@id\":\"https:\/\/aehg-laplata.org.ar\/nueva\/reconocimiento-de-fehgra-a-mario-aguilar\/#webpage\",\"url\":\"https:\/\/aehg-laplata.org.ar\/nueva\/reconocimiento-de-fehgra-a-mario-aguilar\/\",\"name\":\"Reconocimiento de FEHGRA a Mario Aguilar - AEHG La Plata\",\"isPartOf\":{\"@id\":\"https:\/\/aehg-laplata.org.ar\/nueva\/#website\"},\"primaryImageOfPage\":{\"@id\":\"https:\/\/aehg-laplata.org.ar\/nueva\/reconocimiento-de-fehgra-a-mario-aguilar\/#primaryimage\"},\"datePublished\":\"2022-04-29T12:05:48+00:00\",\"dateModified\":\"2022-04-29T12:05:48+00:00\",\"author\":{\"@id\":\"https:\/\/aehg-laplata.org.ar\/nueva\/#\/schema\/person\/7f7b2f53bda3353446a1e6bfb4837e14\"},\"breadcrumb\":{\"@id\":\"https:\/\/aehg-laplata.org.ar\/nueva\/reconocimiento-de-fehgra-a-mario-aguilar\/#breadcrumb\"},\"inLanguage\":\"es-AR\",\"potentialAction\":[{\"@type\":\"ReadAction\",\"target\":[\"https:\/\/aehg-laplata.org.ar\/nueva\/reconocimiento-de-fehgra-a-mario-aguilar\/\"]}]},{\"@type\":\"BreadcrumbList\",\"@id\":\"https:\/\/aehg-laplata.org.ar\/nueva\/reconocimiento-de-fehgra-a-mario-aguilar\/#breadcrumb\",\"itemListElement\":[{\"@type\":\"ListItem\",\"position\":1,\"name\":\"Inicio\",\"item\":\"https:\/\/aehg-laplata.org.ar\/nueva\/\"},{\"@type\":\"ListItem\",\"position\":2,\"name\":\"Reconocimiento de FEHGRA a Mario Aguilar\"}]},{\"@type\":\"Person\",\"@id\":\"https:\/\/aehg-laplata.org.ar\/nueva\/#\/schema\/person\/7f7b2f53bda3353446a1e6bfb4837e14\",\"name\":\"ftosti\",\"image\":{\"@type\":\"ImageObject\",\"@id\":\"https:\/\/aehg-laplata.org.ar\/nueva\/#personlogo\",\"inLanguage\":\"es-AR\",\"url\":\"https:\/\/secure.gravatar.com\/avatar\/602f4beec51ba7ffdca86e4faf5d039c?s=96&d=mm&r=g\",\"contentUrl\":\"https:\/\/secure.gravatar.com\/avatar\/602f4beec51ba7ffdca86e4faf5d039c?s=96&d=mm&r=g\",\"caption\":\"ftosti\"},\"url\":\"https:\/\/aehg-laplata.org.ar\/nueva\/author\/ftosti\/\"}]}<\/script>\n<!-- \/ Yoast SEO plugin. -->","yoast_head_json":{"title":"Reconocimiento de FEHGRA a Mario Aguilar - AEHG La Plata","robots":{"index":"index","follow":"follow","max-snippet":"max-snippet:-1","max-image-preview":"max-image-preview:large","max-video-preview":"max-video-preview:-1"},"canonical":"https:\/\/aehg-laplata.org.ar\/nueva\/reconocimiento-de-fehgra-a-mario-aguilar\/","og_locale":"es_ES","og_type":"article","og_title":"Reconocimiento de FEHGRA a Mario Aguilar - AEHG La Plata","og_description":"[vc_row][vc_column][vc_column_text] Reconocimiento de FEHGRA a Mario Aguilar [\/vc_column_text][\/vc_column][\/vc_row][vc_row][vc_column][vc_single_image image=&#8221;1296&#8243; img_size=&#8221;full&#8221; alignment=&#8221;center&#8221;][\/vc_column][\/vc_row][vc_row][vc_column css=&#8221;.vc_custom_1457772902902{margin-top: -10px !important;}&#8221;][vc_column_text]La Federaci\u00f3n Empresaria Hotelera Gastron\u00f3mica de la...","og_url":"https:\/\/aehg-laplata.org.ar\/nueva\/reconocimiento-de-fehgra-a-mario-aguilar\/","og_site_name":"AEHG La Plata","article_publisher":"https:\/\/www.facebook.com\/AehgLaPlataOK\/","article_published_time":"2022-04-29T12:05:48+00:00","og_image":[{"width":1280,"height":855,"url":"http:\/\/aehg-laplata.org.ar\/nueva\/wp-content\/uploads\/Reconocimiento-de-FEHGRA-a-Mario-Aguilar.jpg","path":"\/home\/c1070183\/public_html\/nueva\/wp-content\/uploads\/Reconocimiento-de-FEHGRA-a-Mario-Aguilar.jpg","size":"full","id":1296,"alt":"","pixels":1094400,"type":"image\/jpeg"}],"twitter_card":"summary_large_image","twitter_misc":{"Escrito por":"ftosti","Tiempo de lectura":"1 minuto"},"schema":{"@context":"https:\/\/schema.org","@graph":[{"@type":"WebSite","@id":"https:\/\/aehg-laplata.org.ar\/nueva\/#website","url":"https:\/\/aehg-laplata.org.ar\/nueva\/","name":"AEHG La Plata","description":"","potentialAction":[{"@type":"SearchAction","target":{"@type":"EntryPoint","urlTemplate":"https:\/\/aehg-laplata.org.ar\/nueva\/?s={search_term_string}"},"query-input":"required name=search_term_string"}],"inLanguage":"es-AR"},{"@type":"ImageObject","@id":"https:\/\/aehg-laplata.org.ar\/nueva\/reconocimiento-de-fehgra-a-mario-aguilar\/#primaryimage","inLanguage":"es-AR","url":"https:\/\/aehg-laplata.org.ar\/nueva\/wp-content\/uploads\/Reconocimiento-de-FEHGRA-a-Mario-Aguilar.jpg","contentUrl":"https:\/\/aehg-laplata.org.ar\/nueva\/wp-content\/uploads\/Reconocimiento-de-FEHGRA-a-Mario-Aguilar.jpg","width":1280,"height":855},{"@type":"WebPage","@id":"https:\/\/aehg-laplata.org.ar\/nueva\/reconocimiento-de-fehgra-a-mario-aguilar\/#webpage","url":"https:\/\/aehg-laplata.org.ar\/nueva\/reconocimiento-de-fehgra-a-mario-aguilar\/","name":"Reconocimiento de FEHGRA a Mario Aguilar - AEHG La Plata","isPartOf":{"@id":"https:\/\/aehg-laplata.org.ar\/nueva\/#website"},"primaryImageOfPage":{"@id":"https:\/\/aehg-laplata.org.ar\/nueva\/reconocimiento-de-fehgra-a-mario-aguilar\/#primaryimage"},"datePublished":"2022-04-29T12:05:48+00:00","dateModified":"2022-04-29T12:05:48+00:00","author":{"@id":"https:\/\/aehg-laplata.org.ar\/nueva\/#\/schema\/person\/7f7b2f53bda3353446a1e6bfb4837e14"},"breadcrumb":{"@id":"https:\/\/aehg-laplata.org.ar\/nueva\/reconocimiento-de-fehgra-a-mario-aguilar\/#breadcrumb"},"inLanguage":"es-AR","potentialAction":[{"@type":"ReadAction","target":["https:\/\/aehg-laplata.org.ar\/nueva\/reconocimiento-de-fehgra-a-mario-aguilar\/"]}]},{"@type":"BreadcrumbList","@id":"https:\/\/aehg-laplata.org.ar\/nueva\/reconocimiento-de-fehgra-a-mario-aguilar\/#breadcrumb","itemListElement":[{"@type":"ListItem","position":1,"name":"Inicio","item":"https:\/\/aehg-laplata.org.ar\/nueva\/"},{"@type":"ListItem","position":2,"name":"Reconocimiento de FEHGRA a Mario Aguilar"}]},{"@type":"Person","@id":"https:\/\/aehg-laplata.org.ar\/nueva\/#\/schema\/person\/7f7b2f53bda3353446a1e6bfb4837e14","name":"ftosti","image":{"@type":"ImageObject","@id":"https:\/\/aehg-laplata.org.ar\/nueva\/#personlogo","inLanguage":"es-AR","url":"https:\/\/secure.gravatar.com\/avatar\/602f4beec51ba7ffdca86e4faf5d039c?s=96&d=mm&r=g","contentUrl":"https:\/\/secure.gravatar.com\/avatar\/602f4beec51ba7ffdca86e4faf5d039c?s=96&d=mm&r=g","caption":"ftosti"},"url":"https:\/\/aehg-laplata.org.ar\/nueva\/author\/ftosti\/"}]}},"_links":{"self":[{"href":"https:\/\/aehg-laplata.org.ar\/nueva\/wp-json\/wp\/v2\/posts\/1295"}],"collection":[{"href":"https:\/\/aehg-laplata.org.ar\/nueva\/wp-json\/wp\/v2\/posts"}],"about":[{"href":"https:\/\/aehg-laplata.org.ar\/nueva\/wp-json\/wp\/v2\/types\/post"}],"author":[{"embeddable":true,"href":"https:\/\/aehg-laplata.org.ar\/nueva\/wp-json\/wp\/v2\/users\/1"}],"replies":[{"embeddable":true,"href":"https:\/\/aehg-laplata.org.ar\/nueva\/wp-json\/wp\/v2\/comments?post=1295"}],"version-history":[{"count":1,"href":"https:\/\/aehg-laplata.org.ar\/nueva\/wp-json\/wp\/v2\/posts\/1295\/revisions"}],"predecessor-version":[{"id":1297,"href":"https:\/\/aehg-laplata.org.ar\/nueva\/wp-json\/wp\/v2\/posts\/1295\/revisions\/1297"}],"wp:featuredmedia":[{"embeddable":true,"href":"https:\/\/aehg-laplata.org.ar\/nueva\/wp-json\/wp\/v2\/media\/1296"}],"wp:attachment":[{"href":"https:\/\/aehg-laplata.org.ar\/nueva\/wp-json\/wp\/v2\/media?parent=1295"}],"wp:term":[{"taxonomy":"category","embeddable":true,"href":"https:\/\/aehg-laplata.org.ar\/nueva\/wp-json\/wp\/v2\/categories?post=1295"},{"taxonomy":"post_tag","embeddable":true,"href":"https:\/\/aehg-laplata.org.ar\/nueva\/wp-json\/wp\/v2\/tags?post=1295"}],"curies":[{"name":"wp","href":"https:\/\/api.w.org\/{rel}","templated":true}]}}