{"id":1289,"date":"2022-04-22T13:24:15","date_gmt":"2022-04-22T16:24:15","guid":{"rendered":"https:\/\/aehg-laplata.org.ar\/nueva\/?p=1289"},"modified":"2022-04-22T13:24:15","modified_gmt":"2022-04-22T16:24:15","slug":"crean-el-programa-de-recuperacion-y-sostenimiento-productivo","status":"publish","type":"post","link":"https:\/\/aehg-laplata.org.ar\/nueva\/crean-el-programa-de-recuperacion-y-sostenimiento-productivo\/","title":{"rendered":"Crean el Programa de Recuperaci\u00f3n y Sostenimiento Productivo"},"content":{"rendered":"<p>[vc_row][vc_column][vc_column_text]<\/p>\n<h3 class=\"entry-title\">Crean el Programa de Recuperaci\u00f3n y Sostenimiento Productivo<\/h3>\n<p>[\/vc_column_text][\/vc_column][\/vc_row][vc_row][vc_column][vc_single_image image=&#8221;1290&#8243; img_size=&#8221;full&#8221; alignment=&#8221;center&#8221;][\/vc_column][\/vc_row][vc_row][vc_column css=&#8221;.vc_custom_1457772902902{margin-top: -10px !important;}&#8221;][vc_column_text]El Ministerio de Trabajo del gobierno nacional dispuso la finalizaci\u00f3n de los programas de Recuperaci\u00f3n Productiva Repro y Repro II, que ser\u00e1n reemplazados por uno nuevo denominado Programa de Recuperaci\u00f3n y Sostenimiento Productivo, por el que se asignar\u00e1 a las empresas adheridas un monto no superior a la mitad del Salario M\u00ednimo Vital y M\u00f3vil por cada empleado.<\/p>\n<p>La medida se dict\u00f3 por considerarse que el Repro II &#8220;ha cumplido con sus objetivos y expectativas de pol\u00edtica p\u00fablica de asistencia a las empresas y sectores econ\u00f3micos y productivos afectados con motivo de los efectos que la Pandemia de Covid-19 produjo en la econom\u00eda nacional a partir de marzo de 2020&#8221;.<\/p>\n<p>La nueva iniciativa \u2013que conservar\u00e1 la sigla &#8220;Repro&#8221; en su denominaci\u00f3n- consistir\u00e1 en &#8220;una asignaci\u00f3n dineraria individual a abonar a los trabajadores y las trabajadoras, a cuenta del pago de las remuneraciones a cargo de los empleadores y las empleadoras adheridos al Programa&#8221;.<\/p>\n<p>Ese monto ser\u00e1 equivalente al 50% de la remuneraci\u00f3n total hasta un m\u00e1ximo del 50% del SMVyM, que en la actualidad es de $38.940.<\/p>\n<p>Para percibir la asignaci\u00f3n, los empleados no deber\u00e1n percibir una remuneraci\u00f3n superior a cuatro veces el salario m\u00ednimo, es decir $155.760 en abril.<\/p>\n<p>Esa asignaci\u00f3n se otorgar\u00e1 por un per\u00edodo de tres meses y el empleador podr\u00e1 acceder al programa durante dos per\u00edodos como m\u00e1ximo, consecutivos o no, dentro de los tres a\u00f1os contados a partir del inicio del primer per\u00edodo otorgado.<\/p>\n<p>Al igual que en el Repro II, los empleadores que quieran acceder al nuevo programa deber\u00e1n cumplir una serie de condiciones que ser\u00e1n definidas por un Comit\u00e9 de Evaluaci\u00f3n y Monitoreo, integrado por representantes de los ministerios de Trabajo, Econom\u00eda y Desarrollo Productivo y otro de la Administraci\u00f3n Federal de Ingresos P\u00fablicos (AFIP).<\/p>\n<p>\ud83d\udd38 Beneficios: Suma mensual equivalente al 50% de la remuneraci\u00f3n total hasta un maximo del 50% del SMV y M.<\/p>\n<p>\ud83d\udd38 Alcance: Sujeto empleadores del sector privado.<\/p>\n<p>\ud83d\udd38 Duraci\u00f3n: 3 meses, durante 2 periodos, dentro de los 3 a\u00f1os.<\/p>\n<p>\ud83d\udd38 Sujetos excluidos:<\/p>\n<p>\u2714Perciban subsidios del Estado Nacional, Provincial y Municipal.<\/p>\n<p>\u2714Que hayan iniciado su activada 6 meses antes de su solicitud de inclusi\u00f3n.<\/p>\n<p>\u2714Que se encuentren incluidos en el Programa para el Fortalecimiento de los Equipos de Salud para la Calidad y la Seguridad, de Ministerio de Salud.<\/p>\n<p>\ud83d\udd38 Requisitos:<\/p>\n<p>\u2714Situaci\u00f3n econ\u00f3mica critica (ser\u00e1 definida por el comit\u00e9 del &#8220;Programa de Recuperaci\u00f3n y Sostenimiento Productivo)<\/p>\n<p>\u2714Presentar un &#8220;Plan de recuperaci\u00f3n econ\u00f3mica, productiva y laboral&#8221;.<\/p>\n<p>\u2714No haber efectuado reducci\u00f3n de personal mayor al 20%<\/p>\n<p>PAR\u00c1METROS GENERALES PARA ACCEDER<\/p>\n<p>\ud83d\udd38 Fase de preselecci\u00f3n<\/p>\n<p>\u2714Variaci\u00f3n de la facturaci\u00f3n<\/p>\n<p>\u2714Variaci\u00f3n del IVA compras<\/p>\n<p>\u2714Endeudamiento (pasivo total\/patrimonio neto)<\/p>\n<p>\u2714Liquidez corriente (activo corriente\/pasivo corriente)<\/p>\n<p>\u2714Variaci\u00f3n porcentual del consumo de energ\u00eda el\u00e9ctrica y gasifera<\/p>\n<p>\u2714Variaci\u00f3n porcentual de la relaci\u00f3n entre el costo laboral total y la facturaci\u00f3n<\/p>\n<p>\u2714Variaci\u00f3n porcentual de las importaciones<\/p>\n<p>\ud83d\udd38 Fase de selecci\u00f3n<\/p>\n<p>\u2714Deber\u00e1 contar con el &#8220;Plan de recuperaci\u00f3n econ\u00f3mica, productiva y laboral&#8221; aprobado por el Ministerio de Trabajo, Empleo y Seguridad Social<\/p>\n<p>INSCRIPCI\u00d3N<\/p>\n<p>\ud83d\udd18Se efectuar\u00e1 con la clave fiscal<\/p>\n<p>Se deber\u00e1 informar:<\/p>\n<p>\u2714Declaraci\u00f3n jurada que se cumplen todas las obligaciones laborales, sociales y previsionales a su cargo<\/p>\n<p>\u2714N\u00f3mina de personal dependiente, incluyendo la remuneraci\u00f3n total y CBU<\/p>\n<p>\u2714Balance correspondiente al \u00faltimo ejercicio cerrado certificado por el CPCE<\/p>\n<p>\u2714Indicaciones sobre el estado econ\u00f3mico, financiero y patrimonial del sujeto empleador en los per\u00edodos de referencia indicados<\/p>\n<p>\u2714Certificaci\u00f3n del empleador o representante legal de la veracidad de la informaci\u00f3n incluida en el inciso<\/p>\n<p>\u2714Para empleadores con 50 o m\u00e1s trabajadores<\/p>\n<p>\u2714Ventas facturadas<\/p>\n<p>\u2714&#8221;Plan de Recuperaci\u00f3n econ\u00f3mica, productiva y laboral&#8221; en el cual se detallaran, el proyecto de reconversi\u00f3n, los objetivos en ventas e inversiones y su esquema de financiamiento<\/p>\n<p>\u2714Declaraci\u00f3n jurada mediante la cual el titular de la empresa manifiesta ser sujeto pasivo del aporte extraordinario y ha cumplido con dicha obligaci\u00f3n. En el caso de personas jur\u00eddicas, los accionistas alcanzados por la obligaci\u00f3n deber\u00e1n presentar la declaraci\u00f3n jurada en forma conjunta o individual<\/p>\n<p>Incompatibilidades<\/p>\n<p>El &#8220;Programa REPRO II&#8221; es incompatible con el Programa de Inserci\u00f3n Laboral (PIL)<\/p>\n<p>\u274c Causales de exclusi\u00f3n<\/p>\n<p>\u2714 Desvinculaciones de personal sin justa causa, falta o disminuci\u00f3n de trabajo o por fuerza mayor<\/p>\n<p>\u2714Suspenciones por falta o disminuci\u00f3n de trabajo o fuerza mayor, excepto las suspensiones que se formalicen conforme del art\u00edculo 223 bis de la LCT<\/p>\n<p>\u2714Falsedad de la declaraci\u00f3n declarada<\/p>\n<p>\u2714Incumplimiento de las obligaciones laborales, sociales y previcionales<\/p>\n<p>Requisitos de mantenimiento del programa.<\/p>\n<p>Condicionalidad:<\/p>\n<p>\ud83d\udd38No se podr\u00e1 realizar las siguientes acciones:<\/p>\n<p>\u2714Distribuci\u00f3n de utilidades<\/p>\n<p>\u2714Recompra de acciones<\/p>\n<p>\u2714Incremento de honorarios, salarios o anticipos de los miembros de los \u00f3rganos de administraci\u00f3n.<\/p>\n<p>El impedimento para realizar estas acciones regir\u00e1 desde la fecha de acceso al programa y hasta 12 meses despu\u00e9s de finalizada su participaci\u00f3n en el mismo.<\/p>\n<p>Vigencia<\/p>\n<p>\u2714El Programa entr\u00f3 en vigencia el 19\/04\/2022[\/vc_column_text][\/vc_column][\/vc_row]<\/p>\n","protected":false},"excerpt":{"rendered":"<p>[vc_row][vc_column][vc_column_text] Crean el Programa de Recuperaci\u00f3n y Sostenimiento Productivo [\/vc_column_text][\/vc_column][\/vc_row][vc_row][vc_column][vc_single_image image=&#8221;1290&#8243; img_size=&#8221;full&#8221; alignment=&#8221;center&#8221;][\/vc_column][\/vc_row][vc_row][vc_column css=&#8221;.vc_custom_1457772902902{margin-top: -10px !important;}&#8221;][vc_column_text]El Ministerio de Trabajo del&#8230;<\/p>\n","protected":false},"author":1,"featured_media":1290,"comment_status":"closed","ping_status":"closed","sticky":false,"template":"","format":"standard","meta":[],"categories":[4],"tags":[],"yoast_head":"<!-- This site is optimized with the Yoast SEO plugin v17.2.1 - https:\/\/yoast.com\/wordpress\/plugins\/seo\/ -->\n<title>Crean el Programa de Recuperaci\u00f3n y Sostenimiento Productivo - AEHG La Plata<\/title>\n<meta name=\"robots\" content=\"index, follow, max-snippet:-1, max-image-preview:large, max-video-preview:-1\" \/>\n<link rel=\"canonical\" href=\"https:\/\/aehg-laplata.org.ar\/nueva\/crean-el-programa-de-recuperacion-y-sostenimiento-productivo\/\" \/>\n<meta property=\"og:locale\" content=\"es_ES\" \/>\n<meta property=\"og:type\" content=\"article\" \/>\n<meta property=\"og:title\" content=\"Crean el Programa de Recuperaci\u00f3n y Sostenimiento Productivo - AEHG La Plata\" \/>\n<meta property=\"og:description\" content=\"[vc_row][vc_column][vc_column_text] Crean el Programa de Recuperaci\u00f3n y Sostenimiento Productivo [\/vc_column_text][\/vc_column][\/vc_row][vc_row][vc_column][vc_single_image image=&#8221;1290&#8243; img_size=&#8221;full&#8221; alignment=&#8221;center&#8221;][\/vc_column][\/vc_row][vc_row][vc_column css=&#8221;.vc_custom_1457772902902{margin-top: -10px !important;}&#8221;][vc_column_text]El Ministerio de Trabajo del...\" \/>\n<meta property=\"og:url\" content=\"https:\/\/aehg-laplata.org.ar\/nueva\/crean-el-programa-de-recuperacion-y-sostenimiento-productivo\/\" \/>\n<meta property=\"og:site_name\" content=\"AEHG La Plata\" \/>\n<meta property=\"article:publisher\" content=\"https:\/\/www.facebook.com\/AehgLaPlataOK\/\" \/>\n<meta property=\"article:published_time\" content=\"2022-04-22T16:24:15+00:00\" \/>\n<meta property=\"og:image\" content=\"http:\/\/aehg-laplata.org.ar\/nueva\/wp-content\/uploads\/1-34.jpg\" \/>\n\t<meta property=\"og:image:width\" content=\"1200\" \/>\n\t<meta property=\"og:image:height\" content=\"674\" \/>\n<meta name=\"twitter:card\" content=\"summary_large_image\" \/>\n<meta name=\"twitter:label1\" content=\"Escrito por\" \/>\n\t<meta name=\"twitter:data1\" content=\"ftosti\" \/>\n\t<meta name=\"twitter:label2\" content=\"Tiempo de lectura\" \/>\n\t<meta name=\"twitter:data2\" content=\"4 minutos\" \/>\n<script type=\"application\/ld+json\" class=\"yoast-schema-graph\">{\"@context\":\"https:\/\/schema.org\",\"@graph\":[{\"@type\":\"WebSite\",\"@id\":\"https:\/\/aehg-laplata.org.ar\/nueva\/#website\",\"url\":\"https:\/\/aehg-laplata.org.ar\/nueva\/\",\"name\":\"AEHG La Plata\",\"description\":\"\",\"potentialAction\":[{\"@type\":\"SearchAction\",\"target\":{\"@type\":\"EntryPoint\",\"urlTemplate\":\"https:\/\/aehg-laplata.org.ar\/nueva\/?s={search_term_string}\"},\"query-input\":\"required name=search_term_string\"}],\"inLanguage\":\"es-AR\"},{\"@type\":\"ImageObject\",\"@id\":\"https:\/\/aehg-laplata.org.ar\/nueva\/crean-el-programa-de-recuperacion-y-sostenimiento-productivo\/#primaryimage\",\"inLanguage\":\"es-AR\",\"url\":\"https:\/\/aehg-laplata.org.ar\/nueva\/wp-content\/uploads\/1-34.jpg\",\"contentUrl\":\"https:\/\/aehg-laplata.org.ar\/nueva\/wp-content\/uploads\/1-34.jpg\",\"width\":1200,\"height\":674},{\"@type\":\"WebPage\",\"@id\":\"https:\/\/aehg-laplata.org.ar\/nueva\/crean-el-programa-de-recuperacion-y-sostenimiento-productivo\/#webpage\",\"url\":\"https:\/\/aehg-laplata.org.ar\/nueva\/crean-el-programa-de-recuperacion-y-sostenimiento-productivo\/\",\"name\":\"Crean el Programa de Recuperaci\\u00f3n y Sostenimiento Productivo - AEHG La Plata\",\"isPartOf\":{\"@id\":\"https:\/\/aehg-laplata.org.ar\/nueva\/#website\"},\"primaryImageOfPage\":{\"@id\":\"https:\/\/aehg-laplata.org.ar\/nueva\/crean-el-programa-de-recuperacion-y-sostenimiento-productivo\/#primaryimage\"},\"datePublished\":\"2022-04-22T16:24:15+00:00\",\"dateModified\":\"2022-04-22T16:24:15+00:00\",\"author\":{\"@id\":\"https:\/\/aehg-laplata.org.ar\/nueva\/#\/schema\/person\/7f7b2f53bda3353446a1e6bfb4837e14\"},\"breadcrumb\":{\"@id\":\"https:\/\/aehg-laplata.org.ar\/nueva\/crean-el-programa-de-recuperacion-y-sostenimiento-productivo\/#breadcrumb\"},\"inLanguage\":\"es-AR\",\"potentialAction\":[{\"@type\":\"ReadAction\",\"target\":[\"https:\/\/aehg-laplata.org.ar\/nueva\/crean-el-programa-de-recuperacion-y-sostenimiento-productivo\/\"]}]},{\"@type\":\"BreadcrumbList\",\"@id\":\"https:\/\/aehg-laplata.org.ar\/nueva\/crean-el-programa-de-recuperacion-y-sostenimiento-productivo\/#breadcrumb\",\"itemListElement\":[{\"@type\":\"ListItem\",\"position\":1,\"name\":\"Inicio\",\"item\":\"https:\/\/aehg-laplata.org.ar\/nueva\/\"},{\"@type\":\"ListItem\",\"position\":2,\"name\":\"Crean el Programa de Recuperaci\\u00f3n y Sostenimiento Productivo\"}]},{\"@type\":\"Person\",\"@id\":\"https:\/\/aehg-laplata.org.ar\/nueva\/#\/schema\/person\/7f7b2f53bda3353446a1e6bfb4837e14\",\"name\":\"ftosti\",\"image\":{\"@type\":\"ImageObject\",\"@id\":\"https:\/\/aehg-laplata.org.ar\/nueva\/#personlogo\",\"inLanguage\":\"es-AR\",\"url\":\"https:\/\/secure.gravatar.com\/avatar\/602f4beec51ba7ffdca86e4faf5d039c?s=96&d=mm&r=g\",\"contentUrl\":\"https:\/\/secure.gravatar.com\/avatar\/602f4beec51ba7ffdca86e4faf5d039c?s=96&d=mm&r=g\",\"caption\":\"ftosti\"},\"url\":\"https:\/\/aehg-laplata.org.ar\/nueva\/author\/ftosti\/\"}]}<\/script>\n<!-- \/ Yoast SEO plugin. -->","yoast_head_json":{"title":"Crean el Programa de Recuperaci\u00f3n y Sostenimiento Productivo - AEHG La Plata","robots":{"index":"index","follow":"follow","max-snippet":"max-snippet:-1","max-image-preview":"max-image-preview:large","max-video-preview":"max-video-preview:-1"},"canonical":"https:\/\/aehg-laplata.org.ar\/nueva\/crean-el-programa-de-recuperacion-y-sostenimiento-productivo\/","og_locale":"es_ES","og_type":"article","og_title":"Crean el Programa de Recuperaci\u00f3n y Sostenimiento Productivo - AEHG La Plata","og_description":"[vc_row][vc_column][vc_column_text] Crean el Programa de Recuperaci\u00f3n y Sostenimiento Productivo [\/vc_column_text][\/vc_column][\/vc_row][vc_row][vc_column][vc_single_image image=&#8221;1290&#8243; img_size=&#8221;full&#8221; alignment=&#8221;center&#8221;][\/vc_column][\/vc_row][vc_row][vc_column css=&#8221;.vc_custom_1457772902902{margin-top: -10px !important;}&#8221;][vc_column_text]El Ministerio de Trabajo del...","og_url":"https:\/\/aehg-laplata.org.ar\/nueva\/crean-el-programa-de-recuperacion-y-sostenimiento-productivo\/","og_site_name":"AEHG La Plata","article_publisher":"https:\/\/www.facebook.com\/AehgLaPlataOK\/","article_published_time":"2022-04-22T16:24:15+00:00","og_image":[{"width":1200,"height":674,"url":"http:\/\/aehg-laplata.org.ar\/nueva\/wp-content\/uploads\/1-34.jpg","path":"\/home\/c1070183\/public_html\/nueva\/wp-content\/uploads\/1-34.jpg","size":"full","id":1290,"alt":"","pixels":808800,"type":"image\/jpeg"}],"twitter_card":"summary_large_image","twitter_misc":{"Escrito por":"ftosti","Tiempo de lectura":"4 minutos"},"schema":{"@context":"https:\/\/schema.org","@graph":[{"@type":"WebSite","@id":"https:\/\/aehg-laplata.org.ar\/nueva\/#website","url":"https:\/\/aehg-laplata.org.ar\/nueva\/","name":"AEHG La Plata","description":"","potentialAction":[{"@type":"SearchAction","target":{"@type":"EntryPoint","urlTemplate":"https:\/\/aehg-laplata.org.ar\/nueva\/?s={search_term_string}"},"query-input":"required name=search_term_string"}],"inLanguage":"es-AR"},{"@type":"ImageObject","@id":"https:\/\/aehg-laplata.org.ar\/nueva\/crean-el-programa-de-recuperacion-y-sostenimiento-productivo\/#primaryimage","inLanguage":"es-AR","url":"https:\/\/aehg-laplata.org.ar\/nueva\/wp-content\/uploads\/1-34.jpg","contentUrl":"https:\/\/aehg-laplata.org.ar\/nueva\/wp-content\/uploads\/1-34.jpg","width":1200,"height":674},{"@type":"WebPage","@id":"https:\/\/aehg-laplata.org.ar\/nueva\/crean-el-programa-de-recuperacion-y-sostenimiento-productivo\/#webpage","url":"https:\/\/aehg-laplata.org.ar\/nueva\/crean-el-programa-de-recuperacion-y-sostenimiento-productivo\/","name":"Crean el Programa de Recuperaci\u00f3n y Sostenimiento Productivo - AEHG La Plata","isPartOf":{"@id":"https:\/\/aehg-laplata.org.ar\/nueva\/#website"},"primaryImageOfPage":{"@id":"https:\/\/aehg-laplata.org.ar\/nueva\/crean-el-programa-de-recuperacion-y-sostenimiento-productivo\/#primaryimage"},"datePublished":"2022-04-22T16:24:15+00:00","dateModified":"2022-04-22T16:24:15+00:00","author":{"@id":"https:\/\/aehg-laplata.org.ar\/nueva\/#\/schema\/person\/7f7b2f53bda3353446a1e6bfb4837e14"},"breadcrumb":{"@id":"https:\/\/aehg-laplata.org.ar\/nueva\/crean-el-programa-de-recuperacion-y-sostenimiento-productivo\/#breadcrumb"},"inLanguage":"es-AR","potentialAction":[{"@type":"ReadAction","target":["https:\/\/aehg-laplata.org.ar\/nueva\/crean-el-programa-de-recuperacion-y-sostenimiento-productivo\/"]}]},{"@type":"BreadcrumbList","@id":"https:\/\/aehg-laplata.org.ar\/nueva\/crean-el-programa-de-recuperacion-y-sostenimiento-productivo\/#breadcrumb","itemListElement":[{"@type":"ListItem","position":1,"name":"Inicio","item":"https:\/\/aehg-laplata.org.ar\/nueva\/"},{"@type":"ListItem","position":2,"name":"Crean el Programa de Recuperaci\u00f3n y Sostenimiento Productivo"}]},{"@type":"Person","@id":"https:\/\/aehg-laplata.org.ar\/nueva\/#\/schema\/person\/7f7b2f53bda3353446a1e6bfb4837e14","name":"ftosti","image":{"@type":"ImageObject","@id":"https:\/\/aehg-laplata.org.ar\/nueva\/#personlogo","inLanguage":"es-AR","url":"https:\/\/secure.gravatar.com\/avatar\/602f4beec51ba7ffdca86e4faf5d039c?s=96&d=mm&r=g","contentUrl":"https:\/\/secure.gravatar.com\/avatar\/602f4beec51ba7ffdca86e4faf5d039c?s=96&d=mm&r=g","caption":"ftosti"},"url":"https:\/\/aehg-laplata.org.ar\/nueva\/author\/ftosti\/"}]}},"_links":{"self":[{"href":"https:\/\/aehg-laplata.org.ar\/nueva\/wp-json\/wp\/v2\/posts\/1289"}],"collection":[{"href":"https:\/\/aehg-laplata.org.ar\/nueva\/wp-json\/wp\/v2\/posts"}],"about":[{"href":"https:\/\/aehg-laplata.org.ar\/nueva\/wp-json\/wp\/v2\/types\/post"}],"author":[{"embeddable":true,"href":"https:\/\/aehg-laplata.org.ar\/nueva\/wp-json\/wp\/v2\/users\/1"}],"replies":[{"embeddable":true,"href":"https:\/\/aehg-laplata.org.ar\/nueva\/wp-json\/wp\/v2\/comments?post=1289"}],"version-history":[{"count":1,"href":"https:\/\/aehg-laplata.org.ar\/nueva\/wp-json\/wp\/v2\/posts\/1289\/revisions"}],"predecessor-version":[{"id":1291,"href":"https:\/\/aehg-laplata.org.ar\/nueva\/wp-json\/wp\/v2\/posts\/1289\/revisions\/1291"}],"wp:featuredmedia":[{"embeddable":true,"href":"https:\/\/aehg-laplata.org.ar\/nueva\/wp-json\/wp\/v2\/media\/1290"}],"wp:attachment":[{"href":"https:\/\/aehg-laplata.org.ar\/nueva\/wp-json\/wp\/v2\/media?parent=1289"}],"wp:term":[{"taxonomy":"category","embeddable":true,"href":"https:\/\/aehg-laplata.org.ar\/nueva\/wp-json\/wp\/v2\/categories?post=1289"},{"taxonomy":"post_tag","embeddable":true,"href":"https:\/\/aehg-laplata.org.ar\/nueva\/wp-json\/wp\/v2\/tags?post=1289"}],"curies":[{"name":"wp","href":"https:\/\/api.w.org\/{rel}","templated":true}]}}