{"id":1274,"date":"2022-04-14T15:00:36","date_gmt":"2022-04-14T18:00:36","guid":{"rendered":"https:\/\/aehg-laplata.org.ar\/nueva\/?p=1274"},"modified":"2022-04-14T15:24:05","modified_gmt":"2022-04-14T18:24:05","slug":"entrega-de-roscas-de-pascuas-solidarias-en-chascomus","status":"publish","type":"post","link":"https:\/\/aehg-laplata.org.ar\/nueva\/entrega-de-roscas-de-pascuas-solidarias-en-chascomus\/","title":{"rendered":"Entrega de Roscas de Pascuas solidarias en Chascom\u00fas"},"content":{"rendered":"<p>[vc_row][vc_column][vc_column_text]<\/p>\n<h3 class=\"entry-title\">Entrega de Roscas de Pascuas solidarias en Chascom\u00fas<\/h3>\n<p>[\/vc_column_text][\/vc_column][\/vc_row][vc_row][vc_column][vc_single_image image=&#8221;1276&#8243; img_size=&#8221;full&#8221; alignment=&#8221;center&#8221;][\/vc_column][\/vc_row][vc_row][vc_column css=&#8221;.vc_custom_1457772902902{margin-top: -10px !important;}&#8221;][vc_column_text]AEHG La Plata estuvo presente en la entrega de Roscas de Pascuas solidarias que llev\u00f3 adelante el miembro de Comisi\u00f3n Directiva y due\u00f1o del establecimiento Atalaya, Juan Castoldi, y que cont\u00f3 con la presencia del intendente de Chascom\u00fas, Javier Gast\u00f3n.<\/p>\n<p>El evento se llev\u00f3 a cabo en la Iglesia San Jos\u00e9 Obrero de Chascom\u00fas, con la bendici\u00f3n del Padre Lisandro Rodr\u00edguez.<\/p>\n<p>El jefe comunal local agradeci\u00f3 a la empresa Atalaya por el trabajo que viene realizando, brindando su apoyo a la comunidad.<\/p>\n<p>Adem\u00e1s, se habl\u00f3 sobre el \u00e9xito de este fin de semana largo, esperando la llegada de m\u00e1s de 30.000 turistas, con el cierre de la temporada de verano el domingo con el recital de Las Pelotas.<\/p>\n<p>Tambi\u00e9n estuvieron presentes el Director de Atalaya, Cristian De Cocco; el presidente de la empresa, Jorge Felices; el secretario de Turismo de Chascom\u00fas, Leandro Otondo; el secretario de AEHG La Plata, Vicente Morgillo; el Coordinador Ejecutivo ITGAS, Christian Blanco; y el reconocido Chef Pastelero Fabian Marh.[\/vc_column_text][\/vc_column][\/vc_row][vc_row][vc_column][vc_gallery type=&#8221;flexslider_slide&#8221; interval=&#8221;3&#8243; images=&#8221;1275,1276&#8243; img_size=&#8221;full&#8221;][\/vc_column][\/vc_row]<\/p>\n","protected":false},"excerpt":{"rendered":"<p>[vc_row][vc_column][vc_column_text] Entrega de Roscas de Pascuas solidarias en Chascom\u00fas [\/vc_column_text][\/vc_column][\/vc_row][vc_row][vc_column][vc_single_image image=&#8221;1276&#8243; img_size=&#8221;full&#8221; alignment=&#8221;center&#8221;][\/vc_column][\/vc_row][vc_row][vc_column css=&#8221;.vc_custom_1457772902902{margin-top: -10px !important;}&#8221;][vc_column_text]AEHG La Plata estuvo presente&#8230;<\/p>\n","protected":false},"author":1,"featured_media":1276,"comment_status":"closed","ping_status":"closed","sticky":false,"template":"","format":"standard","meta":[],"categories":[4],"tags":[],"yoast_head":"<!-- This site is optimized with the Yoast SEO plugin v17.2.1 - https:\/\/yoast.com\/wordpress\/plugins\/seo\/ -->\n<title>Entrega de Roscas de Pascuas solidarias en Chascom\u00fas - AEHG La Plata<\/title>\n<meta name=\"robots\" content=\"index, follow, max-snippet:-1, max-image-preview:large, max-video-preview:-1\" \/>\n<link rel=\"canonical\" href=\"https:\/\/aehg-laplata.org.ar\/nueva\/entrega-de-roscas-de-pascuas-solidarias-en-chascomus\/\" \/>\n<meta property=\"og:locale\" content=\"es_ES\" \/>\n<meta property=\"og:type\" content=\"article\" \/>\n<meta property=\"og:title\" content=\"Entrega de Roscas de Pascuas solidarias en Chascom\u00fas - AEHG La Plata\" \/>\n<meta property=\"og:description\" content=\"[vc_row][vc_column][vc_column_text] Entrega de Roscas de Pascuas solidarias en Chascom\u00fas [\/vc_column_text][\/vc_column][\/vc_row][vc_row][vc_column][vc_single_image image=&#8221;1276&#8243; img_size=&#8221;full&#8221; alignment=&#8221;center&#8221;][\/vc_column][\/vc_row][vc_row][vc_column css=&#8221;.vc_custom_1457772902902{margin-top: -10px !important;}&#8221;][vc_column_text]AEHG La Plata estuvo presente...\" \/>\n<meta property=\"og:url\" content=\"https:\/\/aehg-laplata.org.ar\/nueva\/entrega-de-roscas-de-pascuas-solidarias-en-chascomus\/\" \/>\n<meta property=\"og:site_name\" content=\"AEHG La Plata\" \/>\n<meta property=\"article:publisher\" content=\"https:\/\/www.facebook.com\/AehgLaPlataOK\/\" \/>\n<meta property=\"article:published_time\" content=\"2022-04-14T18:00:36+00:00\" \/>\n<meta property=\"article:modified_time\" content=\"2022-04-14T18:24:05+00:00\" \/>\n<meta property=\"og:image\" content=\"http:\/\/aehg-laplata.org.ar\/nueva\/wp-content\/uploads\/1-2.jpeg\" \/>\n\t<meta property=\"og:image:width\" content=\"1600\" \/>\n\t<meta property=\"og:image:height\" content=\"1200\" \/>\n<meta name=\"twitter:card\" content=\"summary_large_image\" \/>\n<meta name=\"twitter:label1\" content=\"Escrito por\" \/>\n\t<meta name=\"twitter:data1\" content=\"ftosti\" \/>\n\t<meta name=\"twitter:label2\" content=\"Tiempo de lectura\" \/>\n\t<meta name=\"twitter:data2\" content=\"1 minuto\" \/>\n<script type=\"application\/ld+json\" class=\"yoast-schema-graph\">{\"@context\":\"https:\/\/schema.org\",\"@graph\":[{\"@type\":\"WebSite\",\"@id\":\"https:\/\/aehg-laplata.org.ar\/nueva\/#website\",\"url\":\"https:\/\/aehg-laplata.org.ar\/nueva\/\",\"name\":\"AEHG La Plata\",\"description\":\"\",\"potentialAction\":[{\"@type\":\"SearchAction\",\"target\":{\"@type\":\"EntryPoint\",\"urlTemplate\":\"https:\/\/aehg-laplata.org.ar\/nueva\/?s={search_term_string}\"},\"query-input\":\"required name=search_term_string\"}],\"inLanguage\":\"es-AR\"},{\"@type\":\"ImageObject\",\"@id\":\"https:\/\/aehg-laplata.org.ar\/nueva\/entrega-de-roscas-de-pascuas-solidarias-en-chascomus\/#primaryimage\",\"inLanguage\":\"es-AR\",\"url\":\"https:\/\/aehg-laplata.org.ar\/nueva\/wp-content\/uploads\/1-2.jpeg\",\"contentUrl\":\"https:\/\/aehg-laplata.org.ar\/nueva\/wp-content\/uploads\/1-2.jpeg\",\"width\":1600,\"height\":1200},{\"@type\":\"WebPage\",\"@id\":\"https:\/\/aehg-laplata.org.ar\/nueva\/entrega-de-roscas-de-pascuas-solidarias-en-chascomus\/#webpage\",\"url\":\"https:\/\/aehg-laplata.org.ar\/nueva\/entrega-de-roscas-de-pascuas-solidarias-en-chascomus\/\",\"name\":\"Entrega de Roscas de Pascuas solidarias en Chascom\\u00fas - AEHG La Plata\",\"isPartOf\":{\"@id\":\"https:\/\/aehg-laplata.org.ar\/nueva\/#website\"},\"primaryImageOfPage\":{\"@id\":\"https:\/\/aehg-laplata.org.ar\/nueva\/entrega-de-roscas-de-pascuas-solidarias-en-chascomus\/#primaryimage\"},\"datePublished\":\"2022-04-14T18:00:36+00:00\",\"dateModified\":\"2022-04-14T18:24:05+00:00\",\"author\":{\"@id\":\"https:\/\/aehg-laplata.org.ar\/nueva\/#\/schema\/person\/7f7b2f53bda3353446a1e6bfb4837e14\"},\"breadcrumb\":{\"@id\":\"https:\/\/aehg-laplata.org.ar\/nueva\/entrega-de-roscas-de-pascuas-solidarias-en-chascomus\/#breadcrumb\"},\"inLanguage\":\"es-AR\",\"potentialAction\":[{\"@type\":\"ReadAction\",\"target\":[\"https:\/\/aehg-laplata.org.ar\/nueva\/entrega-de-roscas-de-pascuas-solidarias-en-chascomus\/\"]}]},{\"@type\":\"BreadcrumbList\",\"@id\":\"https:\/\/aehg-laplata.org.ar\/nueva\/entrega-de-roscas-de-pascuas-solidarias-en-chascomus\/#breadcrumb\",\"itemListElement\":[{\"@type\":\"ListItem\",\"position\":1,\"name\":\"Inicio\",\"item\":\"https:\/\/aehg-laplata.org.ar\/nueva\/\"},{\"@type\":\"ListItem\",\"position\":2,\"name\":\"Entrega de Roscas de Pascuas solidarias en Chascom\\u00fas\"}]},{\"@type\":\"Person\",\"@id\":\"https:\/\/aehg-laplata.org.ar\/nueva\/#\/schema\/person\/7f7b2f53bda3353446a1e6bfb4837e14\",\"name\":\"ftosti\",\"image\":{\"@type\":\"ImageObject\",\"@id\":\"https:\/\/aehg-laplata.org.ar\/nueva\/#personlogo\",\"inLanguage\":\"es-AR\",\"url\":\"https:\/\/secure.gravatar.com\/avatar\/602f4beec51ba7ffdca86e4faf5d039c?s=96&d=mm&r=g\",\"contentUrl\":\"https:\/\/secure.gravatar.com\/avatar\/602f4beec51ba7ffdca86e4faf5d039c?s=96&d=mm&r=g\",\"caption\":\"ftosti\"},\"url\":\"https:\/\/aehg-laplata.org.ar\/nueva\/author\/ftosti\/\"}]}<\/script>\n<!-- \/ Yoast SEO plugin. -->","yoast_head_json":{"title":"Entrega de Roscas de Pascuas solidarias en Chascom\u00fas - AEHG La Plata","robots":{"index":"index","follow":"follow","max-snippet":"max-snippet:-1","max-image-preview":"max-image-preview:large","max-video-preview":"max-video-preview:-1"},"canonical":"https:\/\/aehg-laplata.org.ar\/nueva\/entrega-de-roscas-de-pascuas-solidarias-en-chascomus\/","og_locale":"es_ES","og_type":"article","og_title":"Entrega de Roscas de Pascuas solidarias en Chascom\u00fas - AEHG La Plata","og_description":"[vc_row][vc_column][vc_column_text] Entrega de Roscas de Pascuas solidarias en Chascom\u00fas [\/vc_column_text][\/vc_column][\/vc_row][vc_row][vc_column][vc_single_image image=&#8221;1276&#8243; img_size=&#8221;full&#8221; alignment=&#8221;center&#8221;][\/vc_column][\/vc_row][vc_row][vc_column css=&#8221;.vc_custom_1457772902902{margin-top: -10px !important;}&#8221;][vc_column_text]AEHG La Plata estuvo presente...","og_url":"https:\/\/aehg-laplata.org.ar\/nueva\/entrega-de-roscas-de-pascuas-solidarias-en-chascomus\/","og_site_name":"AEHG La Plata","article_publisher":"https:\/\/www.facebook.com\/AehgLaPlataOK\/","article_published_time":"2022-04-14T18:00:36+00:00","article_modified_time":"2022-04-14T18:24:05+00:00","og_image":[{"width":1600,"height":1200,"url":"http:\/\/aehg-laplata.org.ar\/nueva\/wp-content\/uploads\/1-2.jpeg","path":"\/home\/c1070183\/public_html\/nueva\/wp-content\/uploads\/1-2.jpeg","size":"full","id":1276,"alt":"","pixels":1920000,"type":"image\/jpeg"}],"twitter_card":"summary_large_image","twitter_misc":{"Escrito por":"ftosti","Tiempo de lectura":"1 minuto"},"schema":{"@context":"https:\/\/schema.org","@graph":[{"@type":"WebSite","@id":"https:\/\/aehg-laplata.org.ar\/nueva\/#website","url":"https:\/\/aehg-laplata.org.ar\/nueva\/","name":"AEHG La Plata","description":"","potentialAction":[{"@type":"SearchAction","target":{"@type":"EntryPoint","urlTemplate":"https:\/\/aehg-laplata.org.ar\/nueva\/?s={search_term_string}"},"query-input":"required name=search_term_string"}],"inLanguage":"es-AR"},{"@type":"ImageObject","@id":"https:\/\/aehg-laplata.org.ar\/nueva\/entrega-de-roscas-de-pascuas-solidarias-en-chascomus\/#primaryimage","inLanguage":"es-AR","url":"https:\/\/aehg-laplata.org.ar\/nueva\/wp-content\/uploads\/1-2.jpeg","contentUrl":"https:\/\/aehg-laplata.org.ar\/nueva\/wp-content\/uploads\/1-2.jpeg","width":1600,"height":1200},{"@type":"WebPage","@id":"https:\/\/aehg-laplata.org.ar\/nueva\/entrega-de-roscas-de-pascuas-solidarias-en-chascomus\/#webpage","url":"https:\/\/aehg-laplata.org.ar\/nueva\/entrega-de-roscas-de-pascuas-solidarias-en-chascomus\/","name":"Entrega de Roscas de Pascuas solidarias en Chascom\u00fas - AEHG La Plata","isPartOf":{"@id":"https:\/\/aehg-laplata.org.ar\/nueva\/#website"},"primaryImageOfPage":{"@id":"https:\/\/aehg-laplata.org.ar\/nueva\/entrega-de-roscas-de-pascuas-solidarias-en-chascomus\/#primaryimage"},"datePublished":"2022-04-14T18:00:36+00:00","dateModified":"2022-04-14T18:24:05+00:00","author":{"@id":"https:\/\/aehg-laplata.org.ar\/nueva\/#\/schema\/person\/7f7b2f53bda3353446a1e6bfb4837e14"},"breadcrumb":{"@id":"https:\/\/aehg-laplata.org.ar\/nueva\/entrega-de-roscas-de-pascuas-solidarias-en-chascomus\/#breadcrumb"},"inLanguage":"es-AR","potentialAction":[{"@type":"ReadAction","target":["https:\/\/aehg-laplata.org.ar\/nueva\/entrega-de-roscas-de-pascuas-solidarias-en-chascomus\/"]}]},{"@type":"BreadcrumbList","@id":"https:\/\/aehg-laplata.org.ar\/nueva\/entrega-de-roscas-de-pascuas-solidarias-en-chascomus\/#breadcrumb","itemListElement":[{"@type":"ListItem","position":1,"name":"Inicio","item":"https:\/\/aehg-laplata.org.ar\/nueva\/"},{"@type":"ListItem","position":2,"name":"Entrega de Roscas de Pascuas solidarias en Chascom\u00fas"}]},{"@type":"Person","@id":"https:\/\/aehg-laplata.org.ar\/nueva\/#\/schema\/person\/7f7b2f53bda3353446a1e6bfb4837e14","name":"ftosti","image":{"@type":"ImageObject","@id":"https:\/\/aehg-laplata.org.ar\/nueva\/#personlogo","inLanguage":"es-AR","url":"https:\/\/secure.gravatar.com\/avatar\/602f4beec51ba7ffdca86e4faf5d039c?s=96&d=mm&r=g","contentUrl":"https:\/\/secure.gravatar.com\/avatar\/602f4beec51ba7ffdca86e4faf5d039c?s=96&d=mm&r=g","caption":"ftosti"},"url":"https:\/\/aehg-laplata.org.ar\/nueva\/author\/ftosti\/"}]}},"_links":{"self":[{"href":"https:\/\/aehg-laplata.org.ar\/nueva\/wp-json\/wp\/v2\/posts\/1274"}],"collection":[{"href":"https:\/\/aehg-laplata.org.ar\/nueva\/wp-json\/wp\/v2\/posts"}],"about":[{"href":"https:\/\/aehg-laplata.org.ar\/nueva\/wp-json\/wp\/v2\/types\/post"}],"author":[{"embeddable":true,"href":"https:\/\/aehg-laplata.org.ar\/nueva\/wp-json\/wp\/v2\/users\/1"}],"replies":[{"embeddable":true,"href":"https:\/\/aehg-laplata.org.ar\/nueva\/wp-json\/wp\/v2\/comments?post=1274"}],"version-history":[{"count":2,"href":"https:\/\/aehg-laplata.org.ar\/nueva\/wp-json\/wp\/v2\/posts\/1274\/revisions"}],"predecessor-version":[{"id":1278,"href":"https:\/\/aehg-laplata.org.ar\/nueva\/wp-json\/wp\/v2\/posts\/1274\/revisions\/1278"}],"wp:featuredmedia":[{"embeddable":true,"href":"https:\/\/aehg-laplata.org.ar\/nueva\/wp-json\/wp\/v2\/media\/1276"}],"wp:attachment":[{"href":"https:\/\/aehg-laplata.org.ar\/nueva\/wp-json\/wp\/v2\/media?parent=1274"}],"wp:term":[{"taxonomy":"category","embeddable":true,"href":"https:\/\/aehg-laplata.org.ar\/nueva\/wp-json\/wp\/v2\/categories?post=1274"},{"taxonomy":"post_tag","embeddable":true,"href":"https:\/\/aehg-laplata.org.ar\/nueva\/wp-json\/wp\/v2\/tags?post=1274"}],"curies":[{"name":"wp","href":"https:\/\/api.w.org\/{rel}","templated":true}]}}