{"id":1263,"date":"2022-04-05T09:56:09","date_gmt":"2022-04-05T12:56:09","guid":{"rendered":"https:\/\/aehg-laplata.org.ar\/nueva\/?p=1263"},"modified":"2022-04-06T09:22:12","modified_gmt":"2022-04-06T12:22:12","slug":"reunion-regional-de-fehgra","status":"publish","type":"post","link":"https:\/\/aehg-laplata.org.ar\/nueva\/reunion-regional-de-fehgra\/","title":{"rendered":"La AEHG La Plata fue sede de la reuni\u00f3n regi\u00f3n provincia de Buenos Aires"},"content":{"rendered":"<p>[vc_row][vc_column][vc_column_text]<\/p>\n<h3 class=\"entry-title\">La AEHG La Plata fue sede de la reuni\u00f3n regi\u00f3n provincia de Buenos Aires<\/h3>\n<p>[\/vc_column_text][\/vc_column][\/vc_row][vc_row][vc_column][vc_single_image image=&#8221;1264&#8243; img_size=&#8221;full&#8221; alignment=&#8221;center&#8221;][\/vc_column][\/vc_row][vc_row][vc_column css=&#8221;.vc_custom_1457772902902{margin-top: -10px !important;}&#8221;][vc_column_text]AEHG La Plata fue sede de la reuni\u00f3n de la Regi\u00f3n Provincia de Buenos Aires de la Federaci\u00f3n Empresaria Hotelera Gastron\u00f3mica de la Rep\u00fablica Argentina, con la presencia del ministro de Producci\u00f3n, Ciencia e Innovaci\u00f3n Tecnol\u00f3gica bonaerense, Augusto Costa; el presidente de FEHGRA, Fernando Desbots; y su vicepresidente y titular de AEHG La Plata, Claudio Aguilar.<\/p>\n<p>El encuentro dio comienzo a las 11:00 horas, en las instalaciones de la entidad, donde fueron recibidas\u00a0 la diferentes autoridades y empresarios del sector.\u00a0 Los invitados pudieron degustar elaboraciones de los alumnos del ITGAS, para luego trasladarse al Hotel Land Plata y dar comienzo al acto de apertura.<\/p>\n<p>El encuentro convoc\u00f3 a m\u00e1s de 45 dirigentes empresarios, quienes analizaron temas regionales y generales del sector, propuestas e iniciativas de la regi\u00f3n y proyectaron la agenda institucional.<\/p>\n<p>Durante la jornada se actualiz\u00f3 informaci\u00f3n sobre cada uno de los departamentos que forman parte de la estructura de FEHGRA: Capacitaci\u00f3n y Formaci\u00f3n Profesional, Pol\u00edtica Laboral y Social, Derechos Intelectuales, Pol\u00edtica Tributaria, Actividades Informales y Turismo. Tambi\u00e9n se repasaron las acciones, herramientas e iniciativas que la entidad est\u00e1 impulsando, adem\u00e1s de las necesidades y propuestas de las filiales.<\/p>\n<p>Desbots agradeci\u00f3 \u201ca las autoridades por el apoyo durante la pandemia\u201d y se\u00f1al\u00f3 que \u201choy debemos ver la pel\u00edcula completa y no la foto. Tuvimos una excelente temporada de verano, con el Programa PreViaje, que nos ayud\u00f3 much\u00edsimo, pero venimos de dos a\u00f1os cerrados y tenemos pasivos muy grandes. Debemos ser prudentes, por eso sigo instando a realizar este trabajo conjunto y valoro el compromiso de las autoridades, que est\u00e1n sentados ac\u00e1, con nosotros\u201d.<\/p>\n<p>Por su parte, el titular de la cartera productiva bonaerense destac\u00f3 que este tipo de encuentros \u201cnos sirven a todos para mejorar y nutrirnos de ideas, y desarrollar mejores herramientas que beneficien al sector\u201d.<\/p>\n<p>Asimismo, Costa agreg\u00f3 que \u201cnecesitamos que la Provincia siga desplegando su potencial tur\u00edstico, que pueda generar ese dinamismo econ\u00f3mico y productivo que produce la llegada de un turista\u201d.<\/p>\n<p>Tambi\u00e9n estuvieron presentes el intendente de Luj\u00e1n, Leonardo Boto; el Secretario de Producci\u00f3n y la Directora de Turismo de Berisso, Sr. Roberto Alonso Y Sra. Mariana Pereyra, respectivamente; director de Turismo de Mercedes, Sr. Martin Boragno; y de Florencio Varela, Andr\u00e9s Watson; subsecretarios provinciales de Turismo, Mar\u00eda Soledad Mart\u00ednez; y de Desarrollo Comercial y Promoci\u00f3n de Inversiones, Guillermo Rabinovich; y el concejal de La Plata, Guillermo Escudero.<\/p>\n<p>En representaci\u00f3n de FEHGRA participaron los vicepresidentes Rafael Miranda y Rodrigo Verde, el tesorero Ra\u00fal Roitman, y el secretario Gustavo Fern\u00e1ndez Capiet.<\/p>\n<p>Adem\u00e1s, estuvieron representantes de las 14 filiales bonaerenses de FEHGRA, como los presidentes Jes\u00fas Osorno (Mar del Plata), Santiago Fuertes (Mar de Aj\u00f3), Nicol\u00e1s Funaro (Tandil), Alejandro Papasidero Ricco (ASEN), Marcelo Salvucci (San Clemente del Tuy\u00fa), Francisco Costa (Bah\u00eda Blanca), Juan Casella (Jun\u00edn), e integrantes de la Comisi\u00f3n Directiva de la Filial La Plata.[\/vc_column_text][\/vc_column][\/vc_row]<\/p>\n","protected":false},"excerpt":{"rendered":"<p>[vc_row][vc_column][vc_column_text] La AEHG La Plata fue sede de la reuni\u00f3n regi\u00f3n provincia de Buenos Aires [\/vc_column_text][\/vc_column][\/vc_row][vc_row][vc_column][vc_single_image image=&#8221;1264&#8243; img_size=&#8221;full&#8221; alignment=&#8221;center&#8221;][\/vc_column][\/vc_row][vc_row][vc_column css=&#8221;.vc_custom_1457772902902{margin-top:&#8230;<\/p>\n","protected":false},"author":1,"featured_media":1264,"comment_status":"closed","ping_status":"closed","sticky":false,"template":"","format":"standard","meta":[],"categories":[4],"tags":[],"yoast_head":"<!-- This site is optimized with the Yoast SEO plugin v17.2.1 - https:\/\/yoast.com\/wordpress\/plugins\/seo\/ -->\n<title>La AEHG La Plata fue sede de la reuni\u00f3n regi\u00f3n provincia de Buenos Aires - AEHG La Plata<\/title>\n<meta name=\"robots\" content=\"index, follow, max-snippet:-1, max-image-preview:large, max-video-preview:-1\" \/>\n<link rel=\"canonical\" href=\"https:\/\/aehg-laplata.org.ar\/nueva\/reunion-regional-de-fehgra\/\" \/>\n<meta property=\"og:locale\" content=\"es_ES\" \/>\n<meta property=\"og:type\" content=\"article\" \/>\n<meta property=\"og:title\" content=\"La AEHG La Plata fue sede de la reuni\u00f3n regi\u00f3n provincia de Buenos Aires - AEHG La Plata\" \/>\n<meta property=\"og:description\" content=\"[vc_row][vc_column][vc_column_text] La AEHG La Plata fue sede de la reuni\u00f3n regi\u00f3n provincia de Buenos Aires [\/vc_column_text][\/vc_column][\/vc_row][vc_row][vc_column][vc_single_image image=&#8221;1264&#8243; img_size=&#8221;full&#8221; alignment=&#8221;center&#8221;][\/vc_column][\/vc_row][vc_row][vc_column css=&#8221;.vc_custom_1457772902902{margin-top:...\" \/>\n<meta property=\"og:url\" content=\"https:\/\/aehg-laplata.org.ar\/nueva\/reunion-regional-de-fehgra\/\" \/>\n<meta property=\"og:site_name\" content=\"AEHG La Plata\" \/>\n<meta property=\"article:publisher\" content=\"https:\/\/www.facebook.com\/AehgLaPlataOK\/\" \/>\n<meta property=\"article:published_time\" content=\"2022-04-05T12:56:09+00:00\" \/>\n<meta property=\"article:modified_time\" content=\"2022-04-06T12:22:12+00:00\" \/>\n<meta property=\"og:image\" content=\"http:\/\/aehg-laplata.org.ar\/nueva\/wp-content\/uploads\/fehgra-provincia.jpg\" \/>\n\t<meta property=\"og:image:width\" content=\"993\" \/>\n\t<meta property=\"og:image:height\" content=\"800\" \/>\n<meta name=\"twitter:card\" content=\"summary_large_image\" \/>\n<meta name=\"twitter:label1\" content=\"Escrito por\" \/>\n\t<meta name=\"twitter:data1\" content=\"ftosti\" \/>\n\t<meta name=\"twitter:label2\" content=\"Tiempo de lectura\" \/>\n\t<meta name=\"twitter:data2\" content=\"3 minutos\" \/>\n<script type=\"application\/ld+json\" class=\"yoast-schema-graph\">{\"@context\":\"https:\/\/schema.org\",\"@graph\":[{\"@type\":\"WebSite\",\"@id\":\"https:\/\/aehg-laplata.org.ar\/nueva\/#website\",\"url\":\"https:\/\/aehg-laplata.org.ar\/nueva\/\",\"name\":\"AEHG La Plata\",\"description\":\"\",\"potentialAction\":[{\"@type\":\"SearchAction\",\"target\":{\"@type\":\"EntryPoint\",\"urlTemplate\":\"https:\/\/aehg-laplata.org.ar\/nueva\/?s={search_term_string}\"},\"query-input\":\"required name=search_term_string\"}],\"inLanguage\":\"es-AR\"},{\"@type\":\"ImageObject\",\"@id\":\"https:\/\/aehg-laplata.org.ar\/nueva\/reunion-regional-de-fehgra\/#primaryimage\",\"inLanguage\":\"es-AR\",\"url\":\"https:\/\/aehg-laplata.org.ar\/nueva\/wp-content\/uploads\/fehgra-provincia.jpg\",\"contentUrl\":\"https:\/\/aehg-laplata.org.ar\/nueva\/wp-content\/uploads\/fehgra-provincia.jpg\",\"width\":993,\"height\":800},{\"@type\":\"WebPage\",\"@id\":\"https:\/\/aehg-laplata.org.ar\/nueva\/reunion-regional-de-fehgra\/#webpage\",\"url\":\"https:\/\/aehg-laplata.org.ar\/nueva\/reunion-regional-de-fehgra\/\",\"name\":\"La AEHG La Plata fue sede de la reuni\\u00f3n regi\\u00f3n provincia de Buenos Aires - AEHG La Plata\",\"isPartOf\":{\"@id\":\"https:\/\/aehg-laplata.org.ar\/nueva\/#website\"},\"primaryImageOfPage\":{\"@id\":\"https:\/\/aehg-laplata.org.ar\/nueva\/reunion-regional-de-fehgra\/#primaryimage\"},\"datePublished\":\"2022-04-05T12:56:09+00:00\",\"dateModified\":\"2022-04-06T12:22:12+00:00\",\"author\":{\"@id\":\"https:\/\/aehg-laplata.org.ar\/nueva\/#\/schema\/person\/7f7b2f53bda3353446a1e6bfb4837e14\"},\"breadcrumb\":{\"@id\":\"https:\/\/aehg-laplata.org.ar\/nueva\/reunion-regional-de-fehgra\/#breadcrumb\"},\"inLanguage\":\"es-AR\",\"potentialAction\":[{\"@type\":\"ReadAction\",\"target\":[\"https:\/\/aehg-laplata.org.ar\/nueva\/reunion-regional-de-fehgra\/\"]}]},{\"@type\":\"BreadcrumbList\",\"@id\":\"https:\/\/aehg-laplata.org.ar\/nueva\/reunion-regional-de-fehgra\/#breadcrumb\",\"itemListElement\":[{\"@type\":\"ListItem\",\"position\":1,\"name\":\"Inicio\",\"item\":\"https:\/\/aehg-laplata.org.ar\/nueva\/\"},{\"@type\":\"ListItem\",\"position\":2,\"name\":\"La AEHG La Plata fue sede de la reuni\\u00f3n regi\\u00f3n provincia de Buenos Aires\"}]},{\"@type\":\"Person\",\"@id\":\"https:\/\/aehg-laplata.org.ar\/nueva\/#\/schema\/person\/7f7b2f53bda3353446a1e6bfb4837e14\",\"name\":\"ftosti\",\"image\":{\"@type\":\"ImageObject\",\"@id\":\"https:\/\/aehg-laplata.org.ar\/nueva\/#personlogo\",\"inLanguage\":\"es-AR\",\"url\":\"https:\/\/secure.gravatar.com\/avatar\/602f4beec51ba7ffdca86e4faf5d039c?s=96&d=mm&r=g\",\"contentUrl\":\"https:\/\/secure.gravatar.com\/avatar\/602f4beec51ba7ffdca86e4faf5d039c?s=96&d=mm&r=g\",\"caption\":\"ftosti\"},\"url\":\"https:\/\/aehg-laplata.org.ar\/nueva\/author\/ftosti\/\"}]}<\/script>\n<!-- \/ Yoast SEO plugin. -->","yoast_head_json":{"title":"La AEHG La Plata fue sede de la reuni\u00f3n regi\u00f3n provincia de Buenos Aires - AEHG La Plata","robots":{"index":"index","follow":"follow","max-snippet":"max-snippet:-1","max-image-preview":"max-image-preview:large","max-video-preview":"max-video-preview:-1"},"canonical":"https:\/\/aehg-laplata.org.ar\/nueva\/reunion-regional-de-fehgra\/","og_locale":"es_ES","og_type":"article","og_title":"La AEHG La Plata fue sede de la reuni\u00f3n regi\u00f3n provincia de Buenos Aires - AEHG La Plata","og_description":"[vc_row][vc_column][vc_column_text] La AEHG La Plata fue sede de la reuni\u00f3n regi\u00f3n provincia de Buenos Aires [\/vc_column_text][\/vc_column][\/vc_row][vc_row][vc_column][vc_single_image image=&#8221;1264&#8243; img_size=&#8221;full&#8221; alignment=&#8221;center&#8221;][\/vc_column][\/vc_row][vc_row][vc_column css=&#8221;.vc_custom_1457772902902{margin-top:...","og_url":"https:\/\/aehg-laplata.org.ar\/nueva\/reunion-regional-de-fehgra\/","og_site_name":"AEHG La Plata","article_publisher":"https:\/\/www.facebook.com\/AehgLaPlataOK\/","article_published_time":"2022-04-05T12:56:09+00:00","article_modified_time":"2022-04-06T12:22:12+00:00","og_image":[{"width":993,"height":800,"url":"http:\/\/aehg-laplata.org.ar\/nueva\/wp-content\/uploads\/fehgra-provincia.jpg","path":"\/home\/c1070183\/public_html\/nueva\/wp-content\/uploads\/fehgra-provincia.jpg","size":"full","id":1264,"alt":"","pixels":794400,"type":"image\/jpeg"}],"twitter_card":"summary_large_image","twitter_misc":{"Escrito por":"ftosti","Tiempo de lectura":"3 minutos"},"schema":{"@context":"https:\/\/schema.org","@graph":[{"@type":"WebSite","@id":"https:\/\/aehg-laplata.org.ar\/nueva\/#website","url":"https:\/\/aehg-laplata.org.ar\/nueva\/","name":"AEHG La Plata","description":"","potentialAction":[{"@type":"SearchAction","target":{"@type":"EntryPoint","urlTemplate":"https:\/\/aehg-laplata.org.ar\/nueva\/?s={search_term_string}"},"query-input":"required name=search_term_string"}],"inLanguage":"es-AR"},{"@type":"ImageObject","@id":"https:\/\/aehg-laplata.org.ar\/nueva\/reunion-regional-de-fehgra\/#primaryimage","inLanguage":"es-AR","url":"https:\/\/aehg-laplata.org.ar\/nueva\/wp-content\/uploads\/fehgra-provincia.jpg","contentUrl":"https:\/\/aehg-laplata.org.ar\/nueva\/wp-content\/uploads\/fehgra-provincia.jpg","width":993,"height":800},{"@type":"WebPage","@id":"https:\/\/aehg-laplata.org.ar\/nueva\/reunion-regional-de-fehgra\/#webpage","url":"https:\/\/aehg-laplata.org.ar\/nueva\/reunion-regional-de-fehgra\/","name":"La AEHG La Plata fue sede de la reuni\u00f3n regi\u00f3n provincia de Buenos Aires - AEHG La Plata","isPartOf":{"@id":"https:\/\/aehg-laplata.org.ar\/nueva\/#website"},"primaryImageOfPage":{"@id":"https:\/\/aehg-laplata.org.ar\/nueva\/reunion-regional-de-fehgra\/#primaryimage"},"datePublished":"2022-04-05T12:56:09+00:00","dateModified":"2022-04-06T12:22:12+00:00","author":{"@id":"https:\/\/aehg-laplata.org.ar\/nueva\/#\/schema\/person\/7f7b2f53bda3353446a1e6bfb4837e14"},"breadcrumb":{"@id":"https:\/\/aehg-laplata.org.ar\/nueva\/reunion-regional-de-fehgra\/#breadcrumb"},"inLanguage":"es-AR","potentialAction":[{"@type":"ReadAction","target":["https:\/\/aehg-laplata.org.ar\/nueva\/reunion-regional-de-fehgra\/"]}]},{"@type":"BreadcrumbList","@id":"https:\/\/aehg-laplata.org.ar\/nueva\/reunion-regional-de-fehgra\/#breadcrumb","itemListElement":[{"@type":"ListItem","position":1,"name":"Inicio","item":"https:\/\/aehg-laplata.org.ar\/nueva\/"},{"@type":"ListItem","position":2,"name":"La AEHG La Plata fue sede de la reuni\u00f3n regi\u00f3n provincia de Buenos Aires"}]},{"@type":"Person","@id":"https:\/\/aehg-laplata.org.ar\/nueva\/#\/schema\/person\/7f7b2f53bda3353446a1e6bfb4837e14","name":"ftosti","image":{"@type":"ImageObject","@id":"https:\/\/aehg-laplata.org.ar\/nueva\/#personlogo","inLanguage":"es-AR","url":"https:\/\/secure.gravatar.com\/avatar\/602f4beec51ba7ffdca86e4faf5d039c?s=96&d=mm&r=g","contentUrl":"https:\/\/secure.gravatar.com\/avatar\/602f4beec51ba7ffdca86e4faf5d039c?s=96&d=mm&r=g","caption":"ftosti"},"url":"https:\/\/aehg-laplata.org.ar\/nueva\/author\/ftosti\/"}]}},"_links":{"self":[{"href":"https:\/\/aehg-laplata.org.ar\/nueva\/wp-json\/wp\/v2\/posts\/1263"}],"collection":[{"href":"https:\/\/aehg-laplata.org.ar\/nueva\/wp-json\/wp\/v2\/posts"}],"about":[{"href":"https:\/\/aehg-laplata.org.ar\/nueva\/wp-json\/wp\/v2\/types\/post"}],"author":[{"embeddable":true,"href":"https:\/\/aehg-laplata.org.ar\/nueva\/wp-json\/wp\/v2\/users\/1"}],"replies":[{"embeddable":true,"href":"https:\/\/aehg-laplata.org.ar\/nueva\/wp-json\/wp\/v2\/comments?post=1263"}],"version-history":[{"count":3,"href":"https:\/\/aehg-laplata.org.ar\/nueva\/wp-json\/wp\/v2\/posts\/1263\/revisions"}],"predecessor-version":[{"id":1267,"href":"https:\/\/aehg-laplata.org.ar\/nueva\/wp-json\/wp\/v2\/posts\/1263\/revisions\/1267"}],"wp:featuredmedia":[{"embeddable":true,"href":"https:\/\/aehg-laplata.org.ar\/nueva\/wp-json\/wp\/v2\/media\/1264"}],"wp:attachment":[{"href":"https:\/\/aehg-laplata.org.ar\/nueva\/wp-json\/wp\/v2\/media?parent=1263"}],"wp:term":[{"taxonomy":"category","embeddable":true,"href":"https:\/\/aehg-laplata.org.ar\/nueva\/wp-json\/wp\/v2\/categories?post=1263"},{"taxonomy":"post_tag","embeddable":true,"href":"https:\/\/aehg-laplata.org.ar\/nueva\/wp-json\/wp\/v2\/tags?post=1263"}],"curies":[{"name":"wp","href":"https:\/\/api.w.org\/{rel}","templated":true}]}}