{"id":1132,"date":"2021-11-05T18:24:49","date_gmt":"2021-11-05T21:24:49","guid":{"rendered":"https:\/\/aehg-laplata.org.ar\/nueva\/?p=1132"},"modified":"2021-11-05T18:36:46","modified_gmt":"2021-11-05T21:36:46","slug":"historia-agua-y-tradicion-en-general-belgrano","status":"publish","type":"post","link":"https:\/\/aehg-laplata.org.ar\/nueva\/historia-agua-y-tradicion-en-general-belgrano\/","title":{"rendered":"Historia, agua y tradici\u00f3n en General Belgrano"},"content":{"rendered":"<p>[vc_row][vc_column][vc_column_text]<\/p>\n<h3 class=\"entry-title\">Historia, agua y tradici\u00f3n en General Belgrano<\/h3>\n<p>[\/vc_column_text][\/vc_column][\/vc_row][vc_row][vc_column][vc_single_image image=&#8221;1138&#8243; img_size=&#8221;full&#8221; alignment=&#8221;center&#8221;][\/vc_column][\/vc_row][vc_row][vc_column css=&#8221;.vc_custom_1457772902902{margin-top: -10px !important;}&#8221;][vc_column_text]Esta ciudad se encuentra a 100 km de la ciudad de La Plata y se caracteriza por estar ubicado a la rivera del R\u00edo Salado.<\/p>\n<p>La historia dice que para el a\u00f1o 1870 toda la extensi\u00f3n de lo que hoy es el partido de General Belgrano eran campos f\u00e9rtiles, que pertenec\u00edan a grandes hacendados que los hab\u00edan adquirido a Juan Manuel de Rosas.<\/p>\n<p>Ya para el a\u00f1o 1882, con el avance de los ferrocarriles, se registraban una gran cantidad de familias que, en su mayor\u00eda, eran de origen extranjero, en mayor medida italianos y espa\u00f1oles.<\/p>\n<p>Actualmente, uno de sus principales atractivos son las Termas del Salado, con aguas hidrotermales de alta mineralizaci\u00f3n, salinas con alto porcentaje de sodio, calcio y sulfatos, que surgen de una perforaci\u00f3n de 965 metros de profundidad a una temperatura en boca de pozo de 41 grados.<\/p>\n<p>El complejo termal cuenta con piletas semicubiertas y cubierta, vestuarios, ba\u00f1os, duchas, fast food, venta de artesan\u00edas, quinchos y servicio de guardavidas.<\/p>\n<p>General Belgrano tambi\u00e9n tiene el Bosque Encantado, que consta de una reserva que perteneci\u00f3 a la ex Estancia Santa Narcisa, donde se encuentra un magnifico bosque de m\u00e1s de 23 hect\u00e1reas, con a\u00f1osos robles, magnolias, laureles, acacias, eucaliptos y otras plantas ex\u00f3ticas centenarias, que lo convierten en un paseo imperdible<\/p>\n<p>Es una reserva natural, surcada por senderos sinuosos que van descubriendo m\u00e1s de 50 especies arb\u00f3reas con infinidad de vegetaci\u00f3n y caracter\u00edsticas propias de un bosque tropical.<\/p>\n<p>All\u00ed se encuentra el imponente edificio restaurado de la vieja casona de la estancia, actualmente adaptado para convertirse en el Museo de las Estancias, donde se rescata un importante tramo de la historia lugare\u00f1a regional.<\/p>\n<p>El Rio Salado es otro de los atractivos de esta ciudad, que tambi\u00e9n pasa por Jun\u00edn, Roque P\u00e9rez, Alberti, Villanueva y por un gran n\u00famero de pantanos y lagunas, desembocando en la Bah\u00eda de Samboromb\u00f3n.<\/p>\n<p>Su costanera se extiende sobre la orilla del R\u00edo aproximadamente a 4 km del centro de la ciudad. All\u00ed se pueden encontrar los mejores recursos y equipamientos para disfrutar de un d\u00eda al aire libre, como tambi\u00e9n confiter\u00edas y restaurantes.<\/p>\n<p>El sector cuenta con dos balnearios, con una pileta ol\u00edmpica y otra destinada a los ni\u00f1os, canchas de b\u00e1squet, f\u00fatbol, voley, confiter\u00edas, consultorio m\u00e9dico y \u00e1rea de asadores.<\/p>\n<p>A mitad de ambos sectores se ubica el Camping Municipal, los sectores de parrillas y playa de actividades deportivas.<\/p>\n<p>Adem\u00e1s del Museo de las Estancias, los amantes de la historia tambi\u00e9n pueden visitar el Museo Hist\u00f3rico Municipal, inaugurado en 1997 en el edificio donde funcionara uno de los primeros comercios de la localidad, la panader\u00eda \u201cEl Ca\u00f1\u00f3n\u201d.[\/vc_column_text][\/vc_column][\/vc_row][vc_row][vc_column][vc_gallery type=&#8221;flexslider_slide&#8221; interval=&#8221;3&#8243; images=&#8221;1138,1137,1136,1135&#8243; img_size=&#8221;full&#8221;][\/vc_column][\/vc_row]<\/p>\n","protected":false},"excerpt":{"rendered":"<p>[vc_row][vc_column][vc_column_text] Historia, agua y tradici\u00f3n en General Belgrano [\/vc_column_text][\/vc_column][\/vc_row][vc_row][vc_column][vc_single_image image=&#8221;1138&#8243; img_size=&#8221;full&#8221; alignment=&#8221;center&#8221;][\/vc_column][\/vc_row][vc_row][vc_column css=&#8221;.vc_custom_1457772902902{margin-top: -10px !important;}&#8221;][vc_column_text]Esta ciudad se encuentra a 100&#8230;<\/p>\n","protected":false},"author":1,"featured_media":1138,"comment_status":"closed","ping_status":"closed","sticky":false,"template":"","format":"standard","meta":[],"categories":[4],"tags":[],"yoast_head":"<!-- This site is optimized with the Yoast SEO plugin v17.2.1 - https:\/\/yoast.com\/wordpress\/plugins\/seo\/ -->\n<title>Historia, agua y tradici\u00f3n en General Belgrano - AEHG La Plata<\/title>\n<meta name=\"robots\" content=\"index, follow, max-snippet:-1, max-image-preview:large, max-video-preview:-1\" \/>\n<link rel=\"canonical\" href=\"https:\/\/aehg-laplata.org.ar\/nueva\/historia-agua-y-tradicion-en-general-belgrano\/\" \/>\n<meta property=\"og:locale\" content=\"es_ES\" \/>\n<meta property=\"og:type\" content=\"article\" \/>\n<meta property=\"og:title\" content=\"Historia, agua y tradici\u00f3n en General Belgrano - AEHG La Plata\" \/>\n<meta property=\"og:description\" content=\"[vc_row][vc_column][vc_column_text] Historia, agua y tradici\u00f3n en General Belgrano [\/vc_column_text][\/vc_column][\/vc_row][vc_row][vc_column][vc_single_image image=&#8221;1138&#8243; img_size=&#8221;full&#8221; alignment=&#8221;center&#8221;][\/vc_column][\/vc_row][vc_row][vc_column css=&#8221;.vc_custom_1457772902902{margin-top: -10px !important;}&#8221;][vc_column_text]Esta ciudad se encuentra a 100...\" \/>\n<meta property=\"og:url\" content=\"https:\/\/aehg-laplata.org.ar\/nueva\/historia-agua-y-tradicion-en-general-belgrano\/\" \/>\n<meta property=\"og:site_name\" content=\"AEHG La Plata\" \/>\n<meta property=\"article:publisher\" content=\"https:\/\/www.facebook.com\/AehgLaPlataOK\/\" \/>\n<meta property=\"article:published_time\" content=\"2021-11-05T21:24:49+00:00\" \/>\n<meta property=\"article:modified_time\" content=\"2021-11-05T21:36:46+00:00\" \/>\n<meta property=\"og:image\" content=\"http:\/\/aehg-laplata.org.ar\/nueva\/wp-content\/uploads\/3.jpeg\" \/>\n\t<meta property=\"og:image:width\" content=\"800\" \/>\n\t<meta property=\"og:image:height\" content=\"800\" \/>\n<meta name=\"twitter:card\" content=\"summary_large_image\" \/>\n<meta name=\"twitter:label1\" content=\"Escrito por\" \/>\n\t<meta name=\"twitter:data1\" content=\"ftosti\" \/>\n\t<meta name=\"twitter:label2\" content=\"Tiempo de lectura\" \/>\n\t<meta name=\"twitter:data2\" content=\"2 minutos\" \/>\n<script type=\"application\/ld+json\" class=\"yoast-schema-graph\">{\"@context\":\"https:\/\/schema.org\",\"@graph\":[{\"@type\":\"WebSite\",\"@id\":\"https:\/\/aehg-laplata.org.ar\/nueva\/#website\",\"url\":\"https:\/\/aehg-laplata.org.ar\/nueva\/\",\"name\":\"AEHG La Plata\",\"description\":\"\",\"potentialAction\":[{\"@type\":\"SearchAction\",\"target\":{\"@type\":\"EntryPoint\",\"urlTemplate\":\"https:\/\/aehg-laplata.org.ar\/nueva\/?s={search_term_string}\"},\"query-input\":\"required name=search_term_string\"}],\"inLanguage\":\"es-AR\"},{\"@type\":\"ImageObject\",\"@id\":\"https:\/\/aehg-laplata.org.ar\/nueva\/historia-agua-y-tradicion-en-general-belgrano\/#primaryimage\",\"inLanguage\":\"es-AR\",\"url\":\"https:\/\/aehg-laplata.org.ar\/nueva\/wp-content\/uploads\/3.jpeg\",\"contentUrl\":\"https:\/\/aehg-laplata.org.ar\/nueva\/wp-content\/uploads\/3.jpeg\",\"width\":800,\"height\":800},{\"@type\":\"WebPage\",\"@id\":\"https:\/\/aehg-laplata.org.ar\/nueva\/historia-agua-y-tradicion-en-general-belgrano\/#webpage\",\"url\":\"https:\/\/aehg-laplata.org.ar\/nueva\/historia-agua-y-tradicion-en-general-belgrano\/\",\"name\":\"Historia, agua y tradici\\u00f3n en General Belgrano - AEHG La Plata\",\"isPartOf\":{\"@id\":\"https:\/\/aehg-laplata.org.ar\/nueva\/#website\"},\"primaryImageOfPage\":{\"@id\":\"https:\/\/aehg-laplata.org.ar\/nueva\/historia-agua-y-tradicion-en-general-belgrano\/#primaryimage\"},\"datePublished\":\"2021-11-05T21:24:49+00:00\",\"dateModified\":\"2021-11-05T21:36:46+00:00\",\"author\":{\"@id\":\"https:\/\/aehg-laplata.org.ar\/nueva\/#\/schema\/person\/7f7b2f53bda3353446a1e6bfb4837e14\"},\"breadcrumb\":{\"@id\":\"https:\/\/aehg-laplata.org.ar\/nueva\/historia-agua-y-tradicion-en-general-belgrano\/#breadcrumb\"},\"inLanguage\":\"es-AR\",\"potentialAction\":[{\"@type\":\"ReadAction\",\"target\":[\"https:\/\/aehg-laplata.org.ar\/nueva\/historia-agua-y-tradicion-en-general-belgrano\/\"]}]},{\"@type\":\"BreadcrumbList\",\"@id\":\"https:\/\/aehg-laplata.org.ar\/nueva\/historia-agua-y-tradicion-en-general-belgrano\/#breadcrumb\",\"itemListElement\":[{\"@type\":\"ListItem\",\"position\":1,\"name\":\"Inicio\",\"item\":\"https:\/\/aehg-laplata.org.ar\/nueva\/\"},{\"@type\":\"ListItem\",\"position\":2,\"name\":\"Historia, agua y tradici\\u00f3n en General Belgrano\"}]},{\"@type\":\"Person\",\"@id\":\"https:\/\/aehg-laplata.org.ar\/nueva\/#\/schema\/person\/7f7b2f53bda3353446a1e6bfb4837e14\",\"name\":\"ftosti\",\"image\":{\"@type\":\"ImageObject\",\"@id\":\"https:\/\/aehg-laplata.org.ar\/nueva\/#personlogo\",\"inLanguage\":\"es-AR\",\"url\":\"https:\/\/secure.gravatar.com\/avatar\/602f4beec51ba7ffdca86e4faf5d039c?s=96&d=mm&r=g\",\"contentUrl\":\"https:\/\/secure.gravatar.com\/avatar\/602f4beec51ba7ffdca86e4faf5d039c?s=96&d=mm&r=g\",\"caption\":\"ftosti\"},\"url\":\"https:\/\/aehg-laplata.org.ar\/nueva\/author\/ftosti\/\"}]}<\/script>\n<!-- \/ Yoast SEO plugin. -->","yoast_head_json":{"title":"Historia, agua y tradici\u00f3n en General Belgrano - AEHG La Plata","robots":{"index":"index","follow":"follow","max-snippet":"max-snippet:-1","max-image-preview":"max-image-preview:large","max-video-preview":"max-video-preview:-1"},"canonical":"https:\/\/aehg-laplata.org.ar\/nueva\/historia-agua-y-tradicion-en-general-belgrano\/","og_locale":"es_ES","og_type":"article","og_title":"Historia, agua y tradici\u00f3n en General Belgrano - AEHG La Plata","og_description":"[vc_row][vc_column][vc_column_text] Historia, agua y tradici\u00f3n en General Belgrano [\/vc_column_text][\/vc_column][\/vc_row][vc_row][vc_column][vc_single_image image=&#8221;1138&#8243; img_size=&#8221;full&#8221; alignment=&#8221;center&#8221;][\/vc_column][\/vc_row][vc_row][vc_column css=&#8221;.vc_custom_1457772902902{margin-top: -10px !important;}&#8221;][vc_column_text]Esta ciudad se encuentra a 100...","og_url":"https:\/\/aehg-laplata.org.ar\/nueva\/historia-agua-y-tradicion-en-general-belgrano\/","og_site_name":"AEHG La Plata","article_publisher":"https:\/\/www.facebook.com\/AehgLaPlataOK\/","article_published_time":"2021-11-05T21:24:49+00:00","article_modified_time":"2021-11-05T21:36:46+00:00","og_image":[{"width":800,"height":800,"url":"http:\/\/aehg-laplata.org.ar\/nueva\/wp-content\/uploads\/3.jpeg","path":"\/home\/c1070183\/public_html\/nueva\/wp-content\/uploads\/3.jpeg","size":"full","id":1138,"alt":"","pixels":640000,"type":"image\/jpeg"}],"twitter_card":"summary_large_image","twitter_misc":{"Escrito por":"ftosti","Tiempo de lectura":"2 minutos"},"schema":{"@context":"https:\/\/schema.org","@graph":[{"@type":"WebSite","@id":"https:\/\/aehg-laplata.org.ar\/nueva\/#website","url":"https:\/\/aehg-laplata.org.ar\/nueva\/","name":"AEHG La Plata","description":"","potentialAction":[{"@type":"SearchAction","target":{"@type":"EntryPoint","urlTemplate":"https:\/\/aehg-laplata.org.ar\/nueva\/?s={search_term_string}"},"query-input":"required name=search_term_string"}],"inLanguage":"es-AR"},{"@type":"ImageObject","@id":"https:\/\/aehg-laplata.org.ar\/nueva\/historia-agua-y-tradicion-en-general-belgrano\/#primaryimage","inLanguage":"es-AR","url":"https:\/\/aehg-laplata.org.ar\/nueva\/wp-content\/uploads\/3.jpeg","contentUrl":"https:\/\/aehg-laplata.org.ar\/nueva\/wp-content\/uploads\/3.jpeg","width":800,"height":800},{"@type":"WebPage","@id":"https:\/\/aehg-laplata.org.ar\/nueva\/historia-agua-y-tradicion-en-general-belgrano\/#webpage","url":"https:\/\/aehg-laplata.org.ar\/nueva\/historia-agua-y-tradicion-en-general-belgrano\/","name":"Historia, agua y tradici\u00f3n en General Belgrano - AEHG La Plata","isPartOf":{"@id":"https:\/\/aehg-laplata.org.ar\/nueva\/#website"},"primaryImageOfPage":{"@id":"https:\/\/aehg-laplata.org.ar\/nueva\/historia-agua-y-tradicion-en-general-belgrano\/#primaryimage"},"datePublished":"2021-11-05T21:24:49+00:00","dateModified":"2021-11-05T21:36:46+00:00","author":{"@id":"https:\/\/aehg-laplata.org.ar\/nueva\/#\/schema\/person\/7f7b2f53bda3353446a1e6bfb4837e14"},"breadcrumb":{"@id":"https:\/\/aehg-laplata.org.ar\/nueva\/historia-agua-y-tradicion-en-general-belgrano\/#breadcrumb"},"inLanguage":"es-AR","potentialAction":[{"@type":"ReadAction","target":["https:\/\/aehg-laplata.org.ar\/nueva\/historia-agua-y-tradicion-en-general-belgrano\/"]}]},{"@type":"BreadcrumbList","@id":"https:\/\/aehg-laplata.org.ar\/nueva\/historia-agua-y-tradicion-en-general-belgrano\/#breadcrumb","itemListElement":[{"@type":"ListItem","position":1,"name":"Inicio","item":"https:\/\/aehg-laplata.org.ar\/nueva\/"},{"@type":"ListItem","position":2,"name":"Historia, agua y tradici\u00f3n en General Belgrano"}]},{"@type":"Person","@id":"https:\/\/aehg-laplata.org.ar\/nueva\/#\/schema\/person\/7f7b2f53bda3353446a1e6bfb4837e14","name":"ftosti","image":{"@type":"ImageObject","@id":"https:\/\/aehg-laplata.org.ar\/nueva\/#personlogo","inLanguage":"es-AR","url":"https:\/\/secure.gravatar.com\/avatar\/602f4beec51ba7ffdca86e4faf5d039c?s=96&d=mm&r=g","contentUrl":"https:\/\/secure.gravatar.com\/avatar\/602f4beec51ba7ffdca86e4faf5d039c?s=96&d=mm&r=g","caption":"ftosti"},"url":"https:\/\/aehg-laplata.org.ar\/nueva\/author\/ftosti\/"}]}},"_links":{"self":[{"href":"https:\/\/aehg-laplata.org.ar\/nueva\/wp-json\/wp\/v2\/posts\/1132"}],"collection":[{"href":"https:\/\/aehg-laplata.org.ar\/nueva\/wp-json\/wp\/v2\/posts"}],"about":[{"href":"https:\/\/aehg-laplata.org.ar\/nueva\/wp-json\/wp\/v2\/types\/post"}],"author":[{"embeddable":true,"href":"https:\/\/aehg-laplata.org.ar\/nueva\/wp-json\/wp\/v2\/users\/1"}],"replies":[{"embeddable":true,"href":"https:\/\/aehg-laplata.org.ar\/nueva\/wp-json\/wp\/v2\/comments?post=1132"}],"version-history":[{"count":4,"href":"https:\/\/aehg-laplata.org.ar\/nueva\/wp-json\/wp\/v2\/posts\/1132\/revisions"}],"predecessor-version":[{"id":1140,"href":"https:\/\/aehg-laplata.org.ar\/nueva\/wp-json\/wp\/v2\/posts\/1132\/revisions\/1140"}],"wp:featuredmedia":[{"embeddable":true,"href":"https:\/\/aehg-laplata.org.ar\/nueva\/wp-json\/wp\/v2\/media\/1138"}],"wp:attachment":[{"href":"https:\/\/aehg-laplata.org.ar\/nueva\/wp-json\/wp\/v2\/media?parent=1132"}],"wp:term":[{"taxonomy":"category","embeddable":true,"href":"https:\/\/aehg-laplata.org.ar\/nueva\/wp-json\/wp\/v2\/categories?post=1132"},{"taxonomy":"post_tag","embeddable":true,"href":"https:\/\/aehg-laplata.org.ar\/nueva\/wp-json\/wp\/v2\/tags?post=1132"}],"curies":[{"name":"wp","href":"https:\/\/api.w.org\/{rel}","templated":true}]}}