{"id":1082,"date":"2021-08-27T11:45:28","date_gmt":"2021-08-27T14:45:28","guid":{"rendered":"https:\/\/aehg-laplata.org.ar\/nueva\/?p=1082"},"modified":"2021-08-27T11:45:28","modified_gmt":"2021-08-27T14:45:28","slug":"los-toldos-origen-mapuche-y-destino-pluricultural","status":"publish","type":"post","link":"https:\/\/aehg-laplata.org.ar\/nueva\/los-toldos-origen-mapuche-y-destino-pluricultural\/","title":{"rendered":"Los Toldos: origen Mapuche y destino pluricultural"},"content":{"rendered":"<p>[vc_row][vc_column][vc_column_text]<\/p>\n<h3 class=\"entry-title\">Los Toldos: origen Mapuche y destino pluricultural<\/h3>\n<p>[\/vc_column_text][\/vc_column][\/vc_row][vc_row][vc_column][vc_single_image image=&#8221;1084&#8243; img_size=&#8221;full&#8221; alignment=&#8221;center&#8221;][\/vc_column][\/vc_row][vc_row][vc_column css=&#8221;.vc_custom_1457772902902{margin-top: -10px !important;}&#8221;][vc_column_text]El origen de esta ciudad, cabecera del partido de General Viamonte, se remonta a mediados del siglo XIX, cuando una tribu Mapuche se instal\u00f3 en el lugar, al mando del cacique Ignacio Coliqueo. A lo largo de los a\u00f1os se fue transformando en destino de numerosos migrantes europeos que trajeron sus costumbres y cultura.<\/p>\n<p>En este sentido, algunos de los atractivos de Los Toldos son sitios tradicionales de la comunidad Mapuche que a\u00fan hoy se mantienen vigentes, como La Olla o Rehue, un lugar considerado sagrado que originalmente fuera utilizado como sitio de protecci\u00f3n. Tambi\u00e9n se puede visitar el taller de telar e hilado Kume Lalen, ubicado en la casa cultural Ruka Kimun.<\/p>\n<p>Otro reconocido atractivo de esta localidad es la ruta del queso, donde se pueden visitar distintas f\u00e1bricas y degustar sus variedades. El Festival de los Quesos es tradici\u00f3n en Los Toldos y es visitado por gran cantidad de gente que se acerca a disfrutar de comidas t\u00edpicas, conservas, dulces y cerveza artesanal, adem\u00e1s claro est\u00e1 de una gran variedad de quesos.<\/p>\n<p>La Casa Museo Eva Per\u00f3n recibe visitas tanto de distintas partes de Argentina como de otros pa\u00edses, con la curiosidad de conocer el lugar donde naci\u00f3 esta mujer trascendental en la historia pol\u00edtica argentina.<\/p>\n<p>El camino de los Museos Rurales es un recorrido al interior de la provincia de Buenos Aires, donde se pueden visitar el Museo Rural Municipal de San Emilio, el Museo Cosas del Siglo Pasado y el Museo del Indio.<\/p>\n<p>Asimismo, a poca distancia se pueden conocer otros pueblos de la zona, como San Emilio, Baigorrita, Paraje San Francisco y Paraje La Delfina, entre otros.[\/vc_column_text][\/vc_column][\/vc_row][vc_row][vc_column][vc_gallery type=&#8221;flexslider_slide&#8221; interval=&#8221;3&#8243; images=&#8221;1083,1084,1085,1086,1087&#8243; img_size=&#8221;full&#8221;][\/vc_column][\/vc_row]<\/p>\n","protected":false},"excerpt":{"rendered":"<p>[vc_row][vc_column][vc_column_text] Los Toldos: origen Mapuche y destino pluricultural [\/vc_column_text][\/vc_column][\/vc_row][vc_row][vc_column][vc_single_image image=&#8221;1084&#8243; img_size=&#8221;full&#8221; alignment=&#8221;center&#8221;][\/vc_column][\/vc_row][vc_row][vc_column css=&#8221;.vc_custom_1457772902902{margin-top: -10px !important;}&#8221;][vc_column_text]El origen de esta ciudad, cabecera&#8230;<\/p>\n","protected":false},"author":1,"featured_media":1084,"comment_status":"closed","ping_status":"closed","sticky":false,"template":"","format":"standard","meta":[],"categories":[4],"tags":[],"yoast_head":"<!-- This site is optimized with the Yoast SEO plugin v17.2.1 - https:\/\/yoast.com\/wordpress\/plugins\/seo\/ -->\n<title>Los Toldos: origen Mapuche y destino pluricultural - AEHG La Plata<\/title>\n<meta name=\"robots\" content=\"index, follow, max-snippet:-1, max-image-preview:large, max-video-preview:-1\" \/>\n<link rel=\"canonical\" href=\"https:\/\/aehg-laplata.org.ar\/nueva\/los-toldos-origen-mapuche-y-destino-pluricultural\/\" \/>\n<meta property=\"og:locale\" content=\"es_ES\" \/>\n<meta property=\"og:type\" content=\"article\" \/>\n<meta property=\"og:title\" content=\"Los Toldos: origen Mapuche y destino pluricultural - AEHG La Plata\" \/>\n<meta property=\"og:description\" content=\"[vc_row][vc_column][vc_column_text] Los Toldos: origen Mapuche y destino pluricultural [\/vc_column_text][\/vc_column][\/vc_row][vc_row][vc_column][vc_single_image image=&#8221;1084&#8243; img_size=&#8221;full&#8221; alignment=&#8221;center&#8221;][\/vc_column][\/vc_row][vc_row][vc_column css=&#8221;.vc_custom_1457772902902{margin-top: -10px !important;}&#8221;][vc_column_text]El origen de esta ciudad, cabecera...\" \/>\n<meta property=\"og:url\" content=\"https:\/\/aehg-laplata.org.ar\/nueva\/los-toldos-origen-mapuche-y-destino-pluricultural\/\" \/>\n<meta property=\"og:site_name\" content=\"AEHG La Plata\" \/>\n<meta property=\"article:publisher\" content=\"https:\/\/www.facebook.com\/AehgLaPlataOK\/\" \/>\n<meta property=\"article:published_time\" content=\"2021-08-27T14:45:28+00:00\" \/>\n<meta property=\"og:image\" content=\"http:\/\/aehg-laplata.org.ar\/nueva\/wp-content\/uploads\/1-22.jpg\" \/>\n\t<meta property=\"og:image:width\" content=\"940\" \/>\n\t<meta property=\"og:image:height\" content=\"702\" \/>\n<meta name=\"twitter:card\" content=\"summary_large_image\" \/>\n<meta name=\"twitter:label1\" content=\"Escrito por\" \/>\n\t<meta name=\"twitter:data1\" content=\"ftosti\" \/>\n\t<meta name=\"twitter:label2\" content=\"Tiempo de lectura\" \/>\n\t<meta name=\"twitter:data2\" content=\"2 minutos\" \/>\n<script type=\"application\/ld+json\" class=\"yoast-schema-graph\">{\"@context\":\"https:\/\/schema.org\",\"@graph\":[{\"@type\":\"WebSite\",\"@id\":\"https:\/\/aehg-laplata.org.ar\/nueva\/#website\",\"url\":\"https:\/\/aehg-laplata.org.ar\/nueva\/\",\"name\":\"AEHG La Plata\",\"description\":\"\",\"potentialAction\":[{\"@type\":\"SearchAction\",\"target\":{\"@type\":\"EntryPoint\",\"urlTemplate\":\"https:\/\/aehg-laplata.org.ar\/nueva\/?s={search_term_string}\"},\"query-input\":\"required name=search_term_string\"}],\"inLanguage\":\"es-AR\"},{\"@type\":\"ImageObject\",\"@id\":\"https:\/\/aehg-laplata.org.ar\/nueva\/los-toldos-origen-mapuche-y-destino-pluricultural\/#primaryimage\",\"inLanguage\":\"es-AR\",\"url\":\"https:\/\/aehg-laplata.org.ar\/nueva\/wp-content\/uploads\/1-22.jpg\",\"contentUrl\":\"https:\/\/aehg-laplata.org.ar\/nueva\/wp-content\/uploads\/1-22.jpg\",\"width\":940,\"height\":702},{\"@type\":\"WebPage\",\"@id\":\"https:\/\/aehg-laplata.org.ar\/nueva\/los-toldos-origen-mapuche-y-destino-pluricultural\/#webpage\",\"url\":\"https:\/\/aehg-laplata.org.ar\/nueva\/los-toldos-origen-mapuche-y-destino-pluricultural\/\",\"name\":\"Los Toldos: origen Mapuche y destino pluricultural - AEHG La Plata\",\"isPartOf\":{\"@id\":\"https:\/\/aehg-laplata.org.ar\/nueva\/#website\"},\"primaryImageOfPage\":{\"@id\":\"https:\/\/aehg-laplata.org.ar\/nueva\/los-toldos-origen-mapuche-y-destino-pluricultural\/#primaryimage\"},\"datePublished\":\"2021-08-27T14:45:28+00:00\",\"dateModified\":\"2021-08-27T14:45:28+00:00\",\"author\":{\"@id\":\"https:\/\/aehg-laplata.org.ar\/nueva\/#\/schema\/person\/7f7b2f53bda3353446a1e6bfb4837e14\"},\"breadcrumb\":{\"@id\":\"https:\/\/aehg-laplata.org.ar\/nueva\/los-toldos-origen-mapuche-y-destino-pluricultural\/#breadcrumb\"},\"inLanguage\":\"es-AR\",\"potentialAction\":[{\"@type\":\"ReadAction\",\"target\":[\"https:\/\/aehg-laplata.org.ar\/nueva\/los-toldos-origen-mapuche-y-destino-pluricultural\/\"]}]},{\"@type\":\"BreadcrumbList\",\"@id\":\"https:\/\/aehg-laplata.org.ar\/nueva\/los-toldos-origen-mapuche-y-destino-pluricultural\/#breadcrumb\",\"itemListElement\":[{\"@type\":\"ListItem\",\"position\":1,\"name\":\"Inicio\",\"item\":\"https:\/\/aehg-laplata.org.ar\/nueva\/\"},{\"@type\":\"ListItem\",\"position\":2,\"name\":\"Los Toldos: origen Mapuche y destino pluricultural\"}]},{\"@type\":\"Person\",\"@id\":\"https:\/\/aehg-laplata.org.ar\/nueva\/#\/schema\/person\/7f7b2f53bda3353446a1e6bfb4837e14\",\"name\":\"ftosti\",\"image\":{\"@type\":\"ImageObject\",\"@id\":\"https:\/\/aehg-laplata.org.ar\/nueva\/#personlogo\",\"inLanguage\":\"es-AR\",\"url\":\"https:\/\/secure.gravatar.com\/avatar\/602f4beec51ba7ffdca86e4faf5d039c?s=96&d=mm&r=g\",\"contentUrl\":\"https:\/\/secure.gravatar.com\/avatar\/602f4beec51ba7ffdca86e4faf5d039c?s=96&d=mm&r=g\",\"caption\":\"ftosti\"},\"url\":\"https:\/\/aehg-laplata.org.ar\/nueva\/author\/ftosti\/\"}]}<\/script>\n<!-- \/ Yoast SEO plugin. -->","yoast_head_json":{"title":"Los Toldos: origen Mapuche y destino pluricultural - AEHG La Plata","robots":{"index":"index","follow":"follow","max-snippet":"max-snippet:-1","max-image-preview":"max-image-preview:large","max-video-preview":"max-video-preview:-1"},"canonical":"https:\/\/aehg-laplata.org.ar\/nueva\/los-toldos-origen-mapuche-y-destino-pluricultural\/","og_locale":"es_ES","og_type":"article","og_title":"Los Toldos: origen Mapuche y destino pluricultural - AEHG La Plata","og_description":"[vc_row][vc_column][vc_column_text] Los Toldos: origen Mapuche y destino pluricultural [\/vc_column_text][\/vc_column][\/vc_row][vc_row][vc_column][vc_single_image image=&#8221;1084&#8243; img_size=&#8221;full&#8221; alignment=&#8221;center&#8221;][\/vc_column][\/vc_row][vc_row][vc_column css=&#8221;.vc_custom_1457772902902{margin-top: -10px !important;}&#8221;][vc_column_text]El origen de esta ciudad, cabecera...","og_url":"https:\/\/aehg-laplata.org.ar\/nueva\/los-toldos-origen-mapuche-y-destino-pluricultural\/","og_site_name":"AEHG La Plata","article_publisher":"https:\/\/www.facebook.com\/AehgLaPlataOK\/","article_published_time":"2021-08-27T14:45:28+00:00","og_image":[{"width":940,"height":702,"url":"http:\/\/aehg-laplata.org.ar\/nueva\/wp-content\/uploads\/1-22.jpg","path":"\/home\/c1070183\/public_html\/nueva\/wp-content\/uploads\/1-22.jpg","size":"full","id":1084,"alt":"","pixels":659880,"type":"image\/jpeg"}],"twitter_card":"summary_large_image","twitter_misc":{"Escrito por":"ftosti","Tiempo de lectura":"2 minutos"},"schema":{"@context":"https:\/\/schema.org","@graph":[{"@type":"WebSite","@id":"https:\/\/aehg-laplata.org.ar\/nueva\/#website","url":"https:\/\/aehg-laplata.org.ar\/nueva\/","name":"AEHG La Plata","description":"","potentialAction":[{"@type":"SearchAction","target":{"@type":"EntryPoint","urlTemplate":"https:\/\/aehg-laplata.org.ar\/nueva\/?s={search_term_string}"},"query-input":"required name=search_term_string"}],"inLanguage":"es-AR"},{"@type":"ImageObject","@id":"https:\/\/aehg-laplata.org.ar\/nueva\/los-toldos-origen-mapuche-y-destino-pluricultural\/#primaryimage","inLanguage":"es-AR","url":"https:\/\/aehg-laplata.org.ar\/nueva\/wp-content\/uploads\/1-22.jpg","contentUrl":"https:\/\/aehg-laplata.org.ar\/nueva\/wp-content\/uploads\/1-22.jpg","width":940,"height":702},{"@type":"WebPage","@id":"https:\/\/aehg-laplata.org.ar\/nueva\/los-toldos-origen-mapuche-y-destino-pluricultural\/#webpage","url":"https:\/\/aehg-laplata.org.ar\/nueva\/los-toldos-origen-mapuche-y-destino-pluricultural\/","name":"Los Toldos: origen Mapuche y destino pluricultural - AEHG La Plata","isPartOf":{"@id":"https:\/\/aehg-laplata.org.ar\/nueva\/#website"},"primaryImageOfPage":{"@id":"https:\/\/aehg-laplata.org.ar\/nueva\/los-toldos-origen-mapuche-y-destino-pluricultural\/#primaryimage"},"datePublished":"2021-08-27T14:45:28+00:00","dateModified":"2021-08-27T14:45:28+00:00","author":{"@id":"https:\/\/aehg-laplata.org.ar\/nueva\/#\/schema\/person\/7f7b2f53bda3353446a1e6bfb4837e14"},"breadcrumb":{"@id":"https:\/\/aehg-laplata.org.ar\/nueva\/los-toldos-origen-mapuche-y-destino-pluricultural\/#breadcrumb"},"inLanguage":"es-AR","potentialAction":[{"@type":"ReadAction","target":["https:\/\/aehg-laplata.org.ar\/nueva\/los-toldos-origen-mapuche-y-destino-pluricultural\/"]}]},{"@type":"BreadcrumbList","@id":"https:\/\/aehg-laplata.org.ar\/nueva\/los-toldos-origen-mapuche-y-destino-pluricultural\/#breadcrumb","itemListElement":[{"@type":"ListItem","position":1,"name":"Inicio","item":"https:\/\/aehg-laplata.org.ar\/nueva\/"},{"@type":"ListItem","position":2,"name":"Los Toldos: origen Mapuche y destino pluricultural"}]},{"@type":"Person","@id":"https:\/\/aehg-laplata.org.ar\/nueva\/#\/schema\/person\/7f7b2f53bda3353446a1e6bfb4837e14","name":"ftosti","image":{"@type":"ImageObject","@id":"https:\/\/aehg-laplata.org.ar\/nueva\/#personlogo","inLanguage":"es-AR","url":"https:\/\/secure.gravatar.com\/avatar\/602f4beec51ba7ffdca86e4faf5d039c?s=96&d=mm&r=g","contentUrl":"https:\/\/secure.gravatar.com\/avatar\/602f4beec51ba7ffdca86e4faf5d039c?s=96&d=mm&r=g","caption":"ftosti"},"url":"https:\/\/aehg-laplata.org.ar\/nueva\/author\/ftosti\/"}]}},"_links":{"self":[{"href":"https:\/\/aehg-laplata.org.ar\/nueva\/wp-json\/wp\/v2\/posts\/1082"}],"collection":[{"href":"https:\/\/aehg-laplata.org.ar\/nueva\/wp-json\/wp\/v2\/posts"}],"about":[{"href":"https:\/\/aehg-laplata.org.ar\/nueva\/wp-json\/wp\/v2\/types\/post"}],"author":[{"embeddable":true,"href":"https:\/\/aehg-laplata.org.ar\/nueva\/wp-json\/wp\/v2\/users\/1"}],"replies":[{"embeddable":true,"href":"https:\/\/aehg-laplata.org.ar\/nueva\/wp-json\/wp\/v2\/comments?post=1082"}],"version-history":[{"count":1,"href":"https:\/\/aehg-laplata.org.ar\/nueva\/wp-json\/wp\/v2\/posts\/1082\/revisions"}],"predecessor-version":[{"id":1089,"href":"https:\/\/aehg-laplata.org.ar\/nueva\/wp-json\/wp\/v2\/posts\/1082\/revisions\/1089"}],"wp:featuredmedia":[{"embeddable":true,"href":"https:\/\/aehg-laplata.org.ar\/nueva\/wp-json\/wp\/v2\/media\/1084"}],"wp:attachment":[{"href":"https:\/\/aehg-laplata.org.ar\/nueva\/wp-json\/wp\/v2\/media?parent=1082"}],"wp:term":[{"taxonomy":"category","embeddable":true,"href":"https:\/\/aehg-laplata.org.ar\/nueva\/wp-json\/wp\/v2\/categories?post=1082"},{"taxonomy":"post_tag","embeddable":true,"href":"https:\/\/aehg-laplata.org.ar\/nueva\/wp-json\/wp\/v2\/tags?post=1082"}],"curies":[{"name":"wp","href":"https:\/\/api.w.org\/{rel}","templated":true}]}}